{"id":7538,"date":"2024-02-28T20:50:05","date_gmt":"2024-02-28T20:50:05","guid":{"rendered":"http:\/\/sanignacioconcepcion.cl\/sitio\/?p=7538"},"modified":"2024-02-28T20:50:37","modified_gmt":"2024-02-28T20:50:37","slug":"informacion-sobre-inicio-ano-escolar","status":"publish","type":"post","link":"http:\/\/sanignacioconcepcion.cl\/sitio\/informacion-sobre-inicio-ano-escolar\/","title":{"rendered":"Informaci\u00f3n sobre inicio a\u00f1o escolar"},"content":{"rendered":"<p>Querida Comunidad:<\/p>\n<p>Los y las saludo atentamente, deseando que hayan tenido unas reparadoras vacaciones en familia.<\/p>\n<p>Ya pr\u00f3ximos a darles la bienvenida oficial a la comunidad en general, compartimos informaci\u00f3n relevante para los primeros d\u00edas de clases:<\/p>\n<p><strong>Martes 5 de marzo: Inicio a\u00f1o escolar<\/strong><\/p>\n<p><strong>Horario del martes 5 al jueves 7 de marzo:\u00a0<\/strong><br \/>\n08:00 a 12:35 horas: Pre K\u00ednder, K\u00ednder, 1ros y 2dos b\u00e1sicos (Ciclo Loyola)<br \/>\n08:00 a 13:20 horas: \u00a03ros b\u00e1sicos a 8vos b\u00e1sicos.<br \/>\n08:00 a 14:15 horas: I\u00ba a IV\u00ba medio.<\/p>\n<p><strong>Horario viernes 8 de marzo:<\/strong><br \/>\n08:00 a 12:35 horas:\u00a0Pre K\u00ednder, K\u00ednder, 1ros y 2dos b\u00e1sicos (Ciclo Loyola)<br \/>\n08:00 a 13:20 horas: 3ro b\u00e1sico a IV\u00ba medio (Ciclos Manresa y Roma)<\/p>\n<p>A partir del lunes 11 de marzo, salida seg\u00fan horario de cada nivel. Desde del viernes 1 de marzo podr\u00e1n revisar los horarios publicados en nuestra web: www.colegiosic.cl\u00a0<\/p>\n<p><strong>Listas de curso de Pre K\u00ednder: <\/strong>Ser\u00e1n publicadas el viernes 1 de marzo<br \/>\n<strong>Entrega de materiales escolares Ciclo Loyola:<\/strong>  Ser\u00e1n recepcionados a partir del mi\u00e9rcoles 6 de marzo. <\/p>\n<p><strong>JUNAEB: <\/strong>A partir del martes 5 de marzo comenzar\u00e1 a funcionar el servicio de desayuno y almuerzo para nuestros\/as estudiantes. Se\u00f1alar que los estudiantes beneficiarios del a\u00f1o 2023 contin\u00faan recibiendo este servicio.<br \/>\nLa pr\u00f3xima semana se informar\u00e1 la lista actualizada. <\/p>\n<p>Les recordamos mantenerse informados a trav\u00e9s de nuestros medios oficiales; sitio web, correos electr\u00f3nicos y WhatsApp institucional. <\/p>\n<p>Finalmente, los y las invito a comenzar este nuevo a\u00f1o escolar con mucha alegr\u00eda y entusiasmo, a seguir trabajando juntos en esta gran misi\u00f3n educativa que tenemos como comunidad.\u00a0<\/p>\n<p>Atentamente,<\/p>\n<p>Claudia Messina A.<br \/>\nDirectora<\/p>\n","protected":false},"excerpt":{"rendered":"<p>Querida Comunidad: Los y las saludo atentamente, deseando que hayan tenido unas reparadoras vacaciones en familia. Ya pr\u00f3ximos a darles la bienvenida oficial a la comunidad en general, compartimos informaci\u00f3n relevante para los primeros d\u00edas de clases: Martes 5 de marzo: Inicio a\u00f1o escolar Horario del martes 5 al jueves 7 de marzo:\u00a0 08:00 a&hellip;<\/p>\n","protected":false},"author":1,"featured_media":0,"comment_status":"closed","ping_status":"closed","sticky":false,"template":"","format":"standard","meta":[],"categories":[3],"tags":[],"_links":{"self":[{"href":"http:\/\/sanignacioconcepcion.cl\/sitio\/wp-json\/wp\/v2\/posts\/7538"}],"collection":[{"href":"http:\/\/sanignacioconcepcion.cl\/sitio\/wp-json\/wp\/v2\/posts"}],"about":[{"href":"http:\/\/sanignacioconcepcion.cl\/sitio\/wp-json\/wp\/v2\/types\/post"}],"author":[{"embeddable":true,"href":"http:\/\/sanignacioconcepcion.cl\/sitio\/wp-json\/wp\/v2\/users\/1"}],"replies":[{"embeddable":true,"href":"http:\/\/sanignacioconcepcion.cl\/sitio\/wp-json\/wp\/v2\/comments?post=7538"}],"version-history":[{"count":6,"href":"http:\/\/sanignacioconcepcion.cl\/sitio\/wp-json\/wp\/v2\/posts\/7538\/revisions"}],"predecessor-version":[{"id":7544,"href":"http:\/\/sanignacioconcepcion.cl\/sitio\/wp-json\/wp\/v2\/posts\/7538\/revisions\/7544"}],"wp:attachment":[{"href":"http:\/\/sanignacioconcepcion.cl\/sitio\/wp-json\/wp\/v2\/media?parent=7538"}],"wp:term":[{"taxonomy":"category","embeddable":true,"href":"http:\/\/sanignacioconcepcion.cl\/sitio\/wp-json\/wp\/v2\/categories?post=7538"},{"taxonomy":"post_tag","embeddable":true,"href":"http:\/\/sanignacioconcepcion.cl\/sitio\/wp-json\/wp\/v2\/tags?post=7538"}],"curies":[{"name":"wp","href":"https:\/\/api.w.org\/{rel}","templated":true}]}}