{"id":7623,"date":"2024-03-06T20:29:54","date_gmt":"2024-03-06T20:29:54","guid":{"rendered":"http:\/\/sanignacioconcepcion.cl\/sitio\/?p=7623"},"modified":"2024-03-06T20:29:54","modified_gmt":"2024-03-06T20:29:54","slug":"1ra-reunion-de-apoderados-12-y-13-de-marzo","status":"publish","type":"post","link":"http:\/\/sanignacioconcepcion.cl\/sitio\/1ra-reunion-de-apoderados-12-y-13-de-marzo\/","title":{"rendered":"1ra Reuni\u00f3n de Apoderados &#8211; 12 y 13 de marzo"},"content":{"rendered":"<p>Estimadas Familias:<br \/>\nJunto con saludar y esperando que se encuentren muy bien, les informamos que los d\u00edas 12 y 13 de marzo se realizar\u00e1 la 1ra Reuni\u00f3n de Apoderados del a\u00f1o (presencial).<\/p>\n<p>Los horarios establecidos para estas reuniones son los siguientes:<\/p>\n<ul>\n<li><strong>Martes 12 de marzo.<\/strong><br \/>\nCiclo Loyola desde Pre K\u00ednder a 2do b\u00e1sico, 19:00 horas.<br \/>\n<strong>Excepto<\/strong> Pre K\u00ednder B y 2\u00ba b\u00e1sico C, que se realizar\u00e1n el mi\u00e9rcoles 13 de marzo, 19:00 h.<br \/>\nCiclo Roma desde 7mo a IV\u00ba medio, 19:00 horas.<\/li>\n<li><strong>Mi\u00e9rcoles 13 de marzo.<\/strong><br \/>\nCiclo Manresa desde 3ro b\u00e1sico a 6to b\u00e1sico, mi\u00e9rcoles, 19:00 horas.<br \/>\n<strong>Excepto<\/strong> 6\u00baBB que se realizar\u00e1 el lunes 11 de marzo, 19:00 h.<\/li>\n<\/ul>\n<p>Solicitamos a ustedes puntualidad.<\/p>\n<p>Atentamente,<br \/>\nDirecciones de Ciclo.<\/p>\n","protected":false},"excerpt":{"rendered":"<p>Estimadas Familias: Junto con saludar y esperando que se encuentren muy bien, les informamos que los d\u00edas 12 y 13 de marzo se realizar\u00e1 la 1ra Reuni\u00f3n de Apoderados del a\u00f1o (presencial). Los horarios establecidos para estas reuniones son los siguientes: Martes 12 de marzo. Ciclo Loyola desde Pre K\u00ednder a 2do b\u00e1sico, 19:00 horas.&hellip;<\/p>\n","protected":false},"author":1,"featured_media":0,"comment_status":"closed","ping_status":"closed","sticky":false,"template":"","format":"standard","meta":[],"categories":[3],"tags":[],"_links":{"self":[{"href":"http:\/\/sanignacioconcepcion.cl\/sitio\/wp-json\/wp\/v2\/posts\/7623"}],"collection":[{"href":"http:\/\/sanignacioconcepcion.cl\/sitio\/wp-json\/wp\/v2\/posts"}],"about":[{"href":"http:\/\/sanignacioconcepcion.cl\/sitio\/wp-json\/wp\/v2\/types\/post"}],"author":[{"embeddable":true,"href":"http:\/\/sanignacioconcepcion.cl\/sitio\/wp-json\/wp\/v2\/users\/1"}],"replies":[{"embeddable":true,"href":"http:\/\/sanignacioconcepcion.cl\/sitio\/wp-json\/wp\/v2\/comments?post=7623"}],"version-history":[{"count":1,"href":"http:\/\/sanignacioconcepcion.cl\/sitio\/wp-json\/wp\/v2\/posts\/7623\/revisions"}],"predecessor-version":[{"id":7624,"href":"http:\/\/sanignacioconcepcion.cl\/sitio\/wp-json\/wp\/v2\/posts\/7623\/revisions\/7624"}],"wp:attachment":[{"href":"http:\/\/sanignacioconcepcion.cl\/sitio\/wp-json\/wp\/v2\/media?parent=7623"}],"wp:term":[{"taxonomy":"category","embeddable":true,"href":"http:\/\/sanignacioconcepcion.cl\/sitio\/wp-json\/wp\/v2\/categories?post=7623"},{"taxonomy":"post_tag","embeddable":true,"href":"http:\/\/sanignacioconcepcion.cl\/sitio\/wp-json\/wp\/v2\/tags?post=7623"}],"curies":[{"name":"wp","href":"https:\/\/api.w.org\/{rel}","templated":true}]}}