{"id":7739,"date":"2024-03-19T20:44:52","date_gmt":"2024-03-19T20:44:52","guid":{"rendered":"http:\/\/sanignacioconcepcion.cl\/sitio\/?p=7739"},"modified":"2024-03-19T20:44:52","modified_gmt":"2024-03-19T20:44:52","slug":"programacion-actividades-de-semana-santa","status":"publish","type":"post","link":"http:\/\/sanignacioconcepcion.cl\/sitio\/programacion-actividades-de-semana-santa\/","title":{"rendered":"Programaci\u00f3n actividades de Semana Santa"},"content":{"rendered":"<p>Querida Comunidad:<\/p>\n<p>Nos disponemos como Comunidad Ignaciana a vivir desde este Domingo de Ramos, el\u00a0inicio de <span class=\"il\">Semana<\/span> <span class=\"il\">Santa<\/span>. Durante estos d\u00edas acompa\u00f1aremos a Jes\u00fas en su Pasi\u00f3n, Muerte y Resurrecci\u00f3n.<\/p>\n<p>Los y las invitamos a vivir juntos, Semana Santa:<\/p>\n<p><img loading=\"lazy\" class=\"alignnone wp-image-7738 size-large\" src=\"http:\/\/sanignacioconcepcion.cl\/sitio\/wp-content\/uploads\/2024\/03\/Cartel-programacion-semana-santa-2023-minimalista-beige-cafe-3-768x1024.png\" alt=\"\" width=\"768\" height=\"1024\" srcset=\"http:\/\/sanignacioconcepcion.cl\/sitio\/wp-content\/uploads\/2024\/03\/Cartel-programacion-semana-santa-2023-minimalista-beige-cafe-3-768x1024.png 768w, http:\/\/sanignacioconcepcion.cl\/sitio\/wp-content\/uploads\/2024\/03\/Cartel-programacion-semana-santa-2023-minimalista-beige-cafe-3-1152x1536.png 1152w, http:\/\/sanignacioconcepcion.cl\/sitio\/wp-content\/uploads\/2024\/03\/Cartel-programacion-semana-santa-2023-minimalista-beige-cafe-3-1536x2048.png 1536w, http:\/\/sanignacioconcepcion.cl\/sitio\/wp-content\/uploads\/2024\/03\/Cartel-programacion-semana-santa-2023-minimalista-beige-cafe-3-600x800.png 600w\" sizes=\"(max-width: 768px) 100vw, 768px\" \/><\/p>\n","protected":false},"excerpt":{"rendered":"<p>Querida Comunidad: Nos disponemos como Comunidad Ignaciana a vivir desde este Domingo de Ramos, el\u00a0inicio de Semana Santa. Durante estos d\u00edas acompa\u00f1aremos a Jes\u00fas en su Pasi\u00f3n, Muerte y Resurrecci\u00f3n. Los y las invitamos a vivir juntos, Semana Santa:<\/p>\n","protected":false},"author":1,"featured_media":0,"comment_status":"closed","ping_status":"closed","sticky":false,"template":"","format":"standard","meta":[],"categories":[3],"tags":[],"_links":{"self":[{"href":"http:\/\/sanignacioconcepcion.cl\/sitio\/wp-json\/wp\/v2\/posts\/7739"}],"collection":[{"href":"http:\/\/sanignacioconcepcion.cl\/sitio\/wp-json\/wp\/v2\/posts"}],"about":[{"href":"http:\/\/sanignacioconcepcion.cl\/sitio\/wp-json\/wp\/v2\/types\/post"}],"author":[{"embeddable":true,"href":"http:\/\/sanignacioconcepcion.cl\/sitio\/wp-json\/wp\/v2\/users\/1"}],"replies":[{"embeddable":true,"href":"http:\/\/sanignacioconcepcion.cl\/sitio\/wp-json\/wp\/v2\/comments?post=7739"}],"version-history":[{"count":1,"href":"http:\/\/sanignacioconcepcion.cl\/sitio\/wp-json\/wp\/v2\/posts\/7739\/revisions"}],"predecessor-version":[{"id":7740,"href":"http:\/\/sanignacioconcepcion.cl\/sitio\/wp-json\/wp\/v2\/posts\/7739\/revisions\/7740"}],"wp:attachment":[{"href":"http:\/\/sanignacioconcepcion.cl\/sitio\/wp-json\/wp\/v2\/media?parent=7739"}],"wp:term":[{"taxonomy":"category","embeddable":true,"href":"http:\/\/sanignacioconcepcion.cl\/sitio\/wp-json\/wp\/v2\/categories?post=7739"},{"taxonomy":"post_tag","embeddable":true,"href":"http:\/\/sanignacioconcepcion.cl\/sitio\/wp-json\/wp\/v2\/tags?post=7739"}],"curies":[{"name":"wp","href":"https:\/\/api.w.org\/{rel}","templated":true}]}}