{"id":7826,"date":"2024-03-22T18:07:56","date_gmt":"2024-03-22T18:07:56","guid":{"rendered":"http:\/\/sanignacioconcepcion.cl\/sitio\/?p=7826"},"modified":"2024-03-25T18:10:45","modified_gmt":"2024-03-25T18:10:45","slug":"informacion-ingreso-y-horarios-pre-kinder-y-kinder","status":"publish","type":"post","link":"http:\/\/sanignacioconcepcion.cl\/sitio\/informacion-ingreso-y-horarios-pre-kinder-y-kinder\/","title":{"rendered":"Informaci\u00f3n ingreso y horarios Pre K\u00ednder y K\u00ednder"},"content":{"rendered":"<p><span style=\"font-size: large;\">Estimadas Familias de Pre K\u00ednder y K\u00ednder:<\/span><\/p>\n<div><span style=\"font-size: large;\">Les recuerdo que el acceso para nuestros y nuestras estudiantes de Pre K\u00ednder y K\u00ednder es por el <b>hall principal,\u00a0<\/b>quienes deben dirigirse hacia sus salas de clases solamente acompa\u00f1ados\/as por una asistente del ciclo.\u00a0<\/span><\/div>\n<div><\/div>\n<div><span style=\"font-size: large;\">En tanto, la salida de los\/las estudiantes <u>seguir\u00e1 siendo por el sector de preb\u00e1sica.<\/u><\/span><\/div>\n<div><\/div>\n<div><span style=\"font-size: large;\">Recordar que el horario de <u>inicio de clases<\/u> es a las 08:00 horas y el horario de salida es:<\/span><\/div>\n<div><span style=\"font-size: large;\"><strong>Lunes a jueves<\/strong> a las 15:30 \/ <strong>viernes <\/strong><\/span><span style=\"font-size: large;\">las 13:25 horas.\u00a0<\/span><\/div>\n<div><\/div>\n<div><span style=\"font-size: large;\">Esta medida es de manera indefinida, por lo cual solicitamos a ustedes tomar los resguardos correspondientes ante lo informado.<\/span><\/div>\n<div><span style=\"font-size: large;\">\u00a0<\/span><\/div>\n<div><span style=\"font-size: large;\">Atentamente,<\/span><\/div>\n<div><span style=\"font-size: large;\">\u00a0<\/span><\/div>\n<div><span style=\"font-size: large;\">Viviana P\u00e9rez P.<\/span><\/div>\n<div><span style=\"font-size: large;\">Directora Ciclo Loyola<\/span><\/div>\n","protected":false},"excerpt":{"rendered":"<p>Estimadas Familias de Pre K\u00ednder y K\u00ednder: Les recuerdo que el acceso para nuestros y nuestras estudiantes de Pre K\u00ednder y K\u00ednder es por el hall principal,\u00a0quienes deben dirigirse hacia sus salas de clases solamente acompa\u00f1ados\/as por una asistente del ciclo.\u00a0 En tanto, la salida de los\/las estudiantes seguir\u00e1 siendo por el sector de preb\u00e1sica.&hellip;<\/p>\n","protected":false},"author":1,"featured_media":0,"comment_status":"closed","ping_status":"closed","sticky":false,"template":"","format":"standard","meta":[],"categories":[3],"tags":[],"_links":{"self":[{"href":"http:\/\/sanignacioconcepcion.cl\/sitio\/wp-json\/wp\/v2\/posts\/7826"}],"collection":[{"href":"http:\/\/sanignacioconcepcion.cl\/sitio\/wp-json\/wp\/v2\/posts"}],"about":[{"href":"http:\/\/sanignacioconcepcion.cl\/sitio\/wp-json\/wp\/v2\/types\/post"}],"author":[{"embeddable":true,"href":"http:\/\/sanignacioconcepcion.cl\/sitio\/wp-json\/wp\/v2\/users\/1"}],"replies":[{"embeddable":true,"href":"http:\/\/sanignacioconcepcion.cl\/sitio\/wp-json\/wp\/v2\/comments?post=7826"}],"version-history":[{"count":2,"href":"http:\/\/sanignacioconcepcion.cl\/sitio\/wp-json\/wp\/v2\/posts\/7826\/revisions"}],"predecessor-version":[{"id":7828,"href":"http:\/\/sanignacioconcepcion.cl\/sitio\/wp-json\/wp\/v2\/posts\/7826\/revisions\/7828"}],"wp:attachment":[{"href":"http:\/\/sanignacioconcepcion.cl\/sitio\/wp-json\/wp\/v2\/media?parent=7826"}],"wp:term":[{"taxonomy":"category","embeddable":true,"href":"http:\/\/sanignacioconcepcion.cl\/sitio\/wp-json\/wp\/v2\/categories?post=7826"},{"taxonomy":"post_tag","embeddable":true,"href":"http:\/\/sanignacioconcepcion.cl\/sitio\/wp-json\/wp\/v2\/tags?post=7826"}],"curies":[{"name":"wp","href":"https:\/\/api.w.org\/{rel}","templated":true}]}}