{"id":7829,"date":"2024-03-22T18:40:24","date_gmt":"2024-03-22T18:40:24","guid":{"rendered":"https:\/\/sanignacioconcepcion.cl\/sitio\/?p=7829"},"modified":"2024-03-25T18:54:19","modified_gmt":"2024-03-25T18:54:19","slug":"espacios-libres-de-telefonos-celulares-y-o-tablets","status":"publish","type":"post","link":"http:\/\/sanignacioconcepcion.cl\/sitio\/espacios-libres-de-telefonos-celulares-y-o-tablets\/","title":{"rendered":"Espacios libres de tel\u00e9fonos celulares y\/o tablets"},"content":{"rendered":"<p>Estimada Comunidad:<\/p>\n<p>Este a\u00f1o comenzamos con la regulaci\u00f3n del uso y portabilidad de tel\u00e9fonos celulares en contextos educativos. Esto quiere decir:<\/p>\n<ul>\n<li>Se proh\u00edbe el uso y portabilidad de tel\u00e9fonos celulares durante toda la jornada escolar en estudiantes de pre-kinder a 6\u00ba b\u00e1sico.<\/li>\n<li>Se restringe el uso de tel\u00e9fonos celulares durante el desarrollo de clases en estudiantes de 7\u00ba b\u00e1sico a 4\u00ba medio, a menos que su uso est\u00e9 espec\u00edficamente autorizado por el profesor con fines educativos (investigaci\u00f3n, actividades espec\u00edficas, etc.)<\/li>\n<li><strong>*(Roma) Los y las estudiantes deben mantener sus tel\u00e9fonos celulares apagados o en modo silencioso y guardarlos de manera segura en sus mochilas o bolsos durante el tiempo de clases.<\/strong><\/li>\n<\/ul>\n<p>Les recordamos que ante cualquier eventualidad o emergencia pueden comunicarse a la recepci\u00f3n de nuestro colegio\u00a0\u00a0<strong>(41) 2460200 &#8211; (41) 2460261<\/strong><strong>\u00a0<\/strong>\u00a0para solicitar o entregar informaci\u00f3n a sus hijos\/as a trav\u00e9s de nuestros\/as asistentes de\u00a0cada ciclo.<\/p>\n<p>Contamos con su apoyo y ayuda en generar espacios sanos y seguros para toda nuestra comunidad educativa.<\/p>\n<p>Atentamente,<\/p>\n<p>Jos\u00e9 Mora Rebolledo<br \/>\nEncargado de Convivencia Escolar SIC<\/p>\n","protected":false},"excerpt":{"rendered":"<p>Estimada Comunidad: Este a\u00f1o comenzamos con la regulaci\u00f3n del uso y portabilidad de tel\u00e9fonos celulares en contextos educativos. Esto quiere decir: Se proh\u00edbe el uso y portabilidad de tel\u00e9fonos celulares durante toda la jornada escolar en estudiantes de pre-kinder a 6\u00ba b\u00e1sico. Se restringe el uso de tel\u00e9fonos celulares durante el desarrollo de clases en&hellip;<\/p>\n","protected":false},"author":1,"featured_media":0,"comment_status":"closed","ping_status":"closed","sticky":false,"template":"","format":"standard","meta":[],"categories":[3],"tags":[],"_links":{"self":[{"href":"http:\/\/sanignacioconcepcion.cl\/sitio\/wp-json\/wp\/v2\/posts\/7829"}],"collection":[{"href":"http:\/\/sanignacioconcepcion.cl\/sitio\/wp-json\/wp\/v2\/posts"}],"about":[{"href":"http:\/\/sanignacioconcepcion.cl\/sitio\/wp-json\/wp\/v2\/types\/post"}],"author":[{"embeddable":true,"href":"http:\/\/sanignacioconcepcion.cl\/sitio\/wp-json\/wp\/v2\/users\/1"}],"replies":[{"embeddable":true,"href":"http:\/\/sanignacioconcepcion.cl\/sitio\/wp-json\/wp\/v2\/comments?post=7829"}],"version-history":[{"count":1,"href":"http:\/\/sanignacioconcepcion.cl\/sitio\/wp-json\/wp\/v2\/posts\/7829\/revisions"}],"predecessor-version":[{"id":7830,"href":"http:\/\/sanignacioconcepcion.cl\/sitio\/wp-json\/wp\/v2\/posts\/7829\/revisions\/7830"}],"wp:attachment":[{"href":"http:\/\/sanignacioconcepcion.cl\/sitio\/wp-json\/wp\/v2\/media?parent=7829"}],"wp:term":[{"taxonomy":"category","embeddable":true,"href":"http:\/\/sanignacioconcepcion.cl\/sitio\/wp-json\/wp\/v2\/categories?post=7829"},{"taxonomy":"post_tag","embeddable":true,"href":"http:\/\/sanignacioconcepcion.cl\/sitio\/wp-json\/wp\/v2\/tags?post=7829"}],"curies":[{"name":"wp","href":"https:\/\/api.w.org\/{rel}","templated":true}]}}