{"id":7861,"date":"2024-03-28T07:17:35","date_gmt":"2024-03-28T07:17:35","guid":{"rendered":"http:\/\/sanignacioconcepcion.cl\/sitio\/?p=7861"},"modified":"2024-03-28T19:20:50","modified_gmt":"2024-03-28T19:20:50","slug":"jornada-lunes-01-de-abril-pascua-de-jesus","status":"publish","type":"post","link":"http:\/\/sanignacioconcepcion.cl\/sitio\/jornada-lunes-01-de-abril-pascua-de-jesus\/","title":{"rendered":"Jornada lunes 01 de abril &#8211; Pascua de Jes\u00fas"},"content":{"rendered":"<p>Estimadas familias:<\/p>\n<p>Les recordamos que el 01 de abril, \u00abLunes de Resurrecci\u00f3n\u00bb, habr\u00e1 un ajuste en el horario de salida de los estudiantes:<\/p>\n<p><strong>Ciclo Loyola:<\/strong> (Pre K\u00ednder a 2do b\u00e1sico): Salida 12:35 horas.<br \/>\n<strong>Desde 3ro a 8vo b\u00e1sico: <\/strong>Salida 13:20 horas.<br \/>\n<strong>I\u00ba a IV\u00ba medio:<\/strong> Salida 14:15 horas.<\/p>\n<p>ACLE funcionar\u00e1 en su horario habitual.<\/p>\n<p>Con motivo de la Pascua de Jes\u00fas, invitamos a todos los\/las estudiantes del colegio a asistir con ropa de calle, con colores vivos y alegres, para celebrar como colegio al Se\u00f1or resucitado.<\/p>\n<p>Atentamente,<\/p>\n<p>Direcci\u00f3n SIC<\/p>\n","protected":false},"excerpt":{"rendered":"<p>Estimadas familias: Les recordamos que el 01 de abril, \u00abLunes de Resurrecci\u00f3n\u00bb, habr\u00e1 un ajuste en el horario de salida de los estudiantes: Ciclo Loyola: (Pre K\u00ednder a 2do b\u00e1sico): Salida 12:35 horas. Desde 3ro a 8vo b\u00e1sico: Salida 13:20 horas. I\u00ba a IV\u00ba medio: Salida 14:15 horas. ACLE funcionar\u00e1 en su horario habitual. Con&hellip;<\/p>\n","protected":false},"author":1,"featured_media":0,"comment_status":"closed","ping_status":"closed","sticky":false,"template":"","format":"standard","meta":[],"categories":[3],"tags":[],"_links":{"self":[{"href":"http:\/\/sanignacioconcepcion.cl\/sitio\/wp-json\/wp\/v2\/posts\/7861"}],"collection":[{"href":"http:\/\/sanignacioconcepcion.cl\/sitio\/wp-json\/wp\/v2\/posts"}],"about":[{"href":"http:\/\/sanignacioconcepcion.cl\/sitio\/wp-json\/wp\/v2\/types\/post"}],"author":[{"embeddable":true,"href":"http:\/\/sanignacioconcepcion.cl\/sitio\/wp-json\/wp\/v2\/users\/1"}],"replies":[{"embeddable":true,"href":"http:\/\/sanignacioconcepcion.cl\/sitio\/wp-json\/wp\/v2\/comments?post=7861"}],"version-history":[{"count":1,"href":"http:\/\/sanignacioconcepcion.cl\/sitio\/wp-json\/wp\/v2\/posts\/7861\/revisions"}],"predecessor-version":[{"id":7862,"href":"http:\/\/sanignacioconcepcion.cl\/sitio\/wp-json\/wp\/v2\/posts\/7861\/revisions\/7862"}],"wp:attachment":[{"href":"http:\/\/sanignacioconcepcion.cl\/sitio\/wp-json\/wp\/v2\/media?parent=7861"}],"wp:term":[{"taxonomy":"category","embeddable":true,"href":"http:\/\/sanignacioconcepcion.cl\/sitio\/wp-json\/wp\/v2\/categories?post=7861"},{"taxonomy":"post_tag","embeddable":true,"href":"http:\/\/sanignacioconcepcion.cl\/sitio\/wp-json\/wp\/v2\/tags?post=7861"}],"curies":[{"name":"wp","href":"https:\/\/api.w.org\/{rel}","templated":true}]}}