{"id":7879,"date":"2024-04-03T13:49:08","date_gmt":"2024-04-03T13:49:08","guid":{"rendered":"http:\/\/sanignacioconcepcion.cl\/sitio\/?p=7879"},"modified":"2024-04-04T11:49:01","modified_gmt":"2024-04-04T11:49:01","slug":"2da-jornada-familias-nuevas-6-de-abril","status":"publish","type":"post","link":"http:\/\/sanignacioconcepcion.cl\/sitio\/2da-jornada-familias-nuevas-6-de-abril\/","title":{"rendered":"2da Jornada Familias Nuevas &#8211; 6 de abril"},"content":{"rendered":"<p>Queridas familias nuevas:<\/p>\n<p>Les recordamos que este s\u00e1bado 6 de abril nos volvemos a reunir en nuestra 2da y pen\u00faltima Jornada de Familias Nuevas.<\/p>\n<p>En esta oportunidad, nos acompa\u00f1ar\u00e1 el Director Acad\u00e9mico del Colegio, Sr. H\u00e9ctor Nova quien dar\u00e1 a conocer diversas tem\u00e1ticas relacionadas con el \u00e1rea, enfocada a los aprendizajes y \u00a0desarrollo en los estudiantes.<\/p>\n<p>Les recordamos que si no tienen con qui\u00e9n dejar a su hijo\/hija, tendremos una persona que los cuidar\u00e1 hasta el t\u00e9rmino de la jornada.<\/p>\n<p>Horario: De 09:30 a 13:00 horas.<br \/>\nLugar: Casino, segundo piso.<\/p>\n<p><img loading=\"lazy\" class=\"alignnone wp-image-7878 size-large\" src=\"http:\/\/sanignacioconcepcion.cl\/sitio\/wp-content\/uploads\/2024\/04\/Invitacion-vertical-fiesta-de-cumpleanos-fotografico-blanco-y-gris-3-732x1024.png\" alt=\"\" width=\"732\" height=\"1024\" srcset=\"http:\/\/sanignacioconcepcion.cl\/sitio\/wp-content\/uploads\/2024\/04\/Invitacion-vertical-fiesta-de-cumpleanos-fotografico-blanco-y-gris-3-732x1024.png 732w, http:\/\/sanignacioconcepcion.cl\/sitio\/wp-content\/uploads\/2024\/04\/Invitacion-vertical-fiesta-de-cumpleanos-fotografico-blanco-y-gris-3-768x1075.png 768w, http:\/\/sanignacioconcepcion.cl\/sitio\/wp-content\/uploads\/2024\/04\/Invitacion-vertical-fiesta-de-cumpleanos-fotografico-blanco-y-gris-3-1097x1536.png 1097w, http:\/\/sanignacioconcepcion.cl\/sitio\/wp-content\/uploads\/2024\/04\/Invitacion-vertical-fiesta-de-cumpleanos-fotografico-blanco-y-gris-3-600x840.png 600w, http:\/\/sanignacioconcepcion.cl\/sitio\/wp-content\/uploads\/2024\/04\/Invitacion-vertical-fiesta-de-cumpleanos-fotografico-blanco-y-gris-3.png 1429w\" sizes=\"(max-width: 732px) 100vw, 732px\" \/><\/p>\n","protected":false},"excerpt":{"rendered":"<p>Queridas familias nuevas: Les recordamos que este s\u00e1bado 6 de abril nos volvemos a reunir en nuestra 2da y pen\u00faltima Jornada de Familias Nuevas. En esta oportunidad, nos acompa\u00f1ar\u00e1 el Director Acad\u00e9mico del Colegio, Sr. H\u00e9ctor Nova quien dar\u00e1 a conocer diversas tem\u00e1ticas relacionadas con el \u00e1rea, enfocada a los aprendizajes y \u00a0desarrollo en los&hellip;<\/p>\n","protected":false},"author":1,"featured_media":0,"comment_status":"closed","ping_status":"closed","sticky":false,"template":"","format":"standard","meta":[],"categories":[3],"tags":[],"_links":{"self":[{"href":"http:\/\/sanignacioconcepcion.cl\/sitio\/wp-json\/wp\/v2\/posts\/7879"}],"collection":[{"href":"http:\/\/sanignacioconcepcion.cl\/sitio\/wp-json\/wp\/v2\/posts"}],"about":[{"href":"http:\/\/sanignacioconcepcion.cl\/sitio\/wp-json\/wp\/v2\/types\/post"}],"author":[{"embeddable":true,"href":"http:\/\/sanignacioconcepcion.cl\/sitio\/wp-json\/wp\/v2\/users\/1"}],"replies":[{"embeddable":true,"href":"http:\/\/sanignacioconcepcion.cl\/sitio\/wp-json\/wp\/v2\/comments?post=7879"}],"version-history":[{"count":2,"href":"http:\/\/sanignacioconcepcion.cl\/sitio\/wp-json\/wp\/v2\/posts\/7879\/revisions"}],"predecessor-version":[{"id":7889,"href":"http:\/\/sanignacioconcepcion.cl\/sitio\/wp-json\/wp\/v2\/posts\/7879\/revisions\/7889"}],"wp:attachment":[{"href":"http:\/\/sanignacioconcepcion.cl\/sitio\/wp-json\/wp\/v2\/media?parent=7879"}],"wp:term":[{"taxonomy":"category","embeddable":true,"href":"http:\/\/sanignacioconcepcion.cl\/sitio\/wp-json\/wp\/v2\/categories?post=7879"},{"taxonomy":"post_tag","embeddable":true,"href":"http:\/\/sanignacioconcepcion.cl\/sitio\/wp-json\/wp\/v2\/tags?post=7879"}],"curies":[{"name":"wp","href":"https:\/\/api.w.org\/{rel}","templated":true}]}}