{"id":7884,"date":"2024-03-28T10:58:52","date_gmt":"2024-03-28T10:58:52","guid":{"rendered":"http:\/\/sanignacioconcepcion.cl\/sitio\/?p=7884"},"modified":"2024-04-04T11:01:54","modified_gmt":"2024-04-04T11:01:54","slug":"suscripcion-a-whatsapp-institucional","status":"publish","type":"post","link":"http:\/\/sanignacioconcepcion.cl\/sitio\/suscripcion-a-whatsapp-institucional\/","title":{"rendered":"Suscripci\u00f3n a whatsapp institucional"},"content":{"rendered":"<p>Estimadas Familias:<\/p>\n<p>Esperando que se encuentren muy bien, quisiera recordarles una informaci\u00f3n que fue entregada en reuniones de apoderados, respecto al WhatsApp institucional.<\/p>\n<p>En nuestro af\u00e1n por seguir fortaleciendo la comunicaci\u00f3n colegio-familia, desde este a\u00f1o, los\/las apoderados\/as pueden suscribirse al WhatsApp institucional.<\/p>\n<p><strong>\u00bfC\u00f3mo suscribirse?<\/strong><br \/>\nEs muy sencillo, pueden escanear el c\u00f3digo QR que se adjunta m\u00e1s abajo, o bien acceder al siguiente link: <a href=\"https:\/\/www.kimche.co\/suscripcion-a-whatsapp\/\">https:\/\/www.kimche.co\/suscripcion-a-whatsapp\/<\/a><\/p>\n<p><img loading=\"lazy\" class=\"alignnone wp-image-7885 size-full\" src=\"http:\/\/sanignacioconcepcion.cl\/sitio\/wp-content\/uploads\/2024\/04\/unnamed.png\" alt=\"\" width=\"776\" height=\"703\" srcset=\"http:\/\/sanignacioconcepcion.cl\/sitio\/wp-content\/uploads\/2024\/04\/unnamed.png 776w, http:\/\/sanignacioconcepcion.cl\/sitio\/wp-content\/uploads\/2024\/04\/unnamed-768x696.png 768w, http:\/\/sanignacioconcepcion.cl\/sitio\/wp-content\/uploads\/2024\/04\/unnamed-600x544.png 600w\" sizes=\"(max-width: 776px) 100vw, 776px\" \/><\/p>\n<p><strong>Importante:<\/strong> A esta plataforma podr\u00e1n suscribirse los\/las apoderados titulares que hayan registrado su n\u00famero de tel\u00e9fono al momento de matricular a el\/la estudiante.<\/p>\n<p>Si su n\u00famero telef\u00f3nico ha cambiado o no fue registrado, c<strong>ontactarse a trav\u00e9s de su correo institucional<\/strong>, al email &#105;&#x6e;&#102;&#x6f;&#114;&#x6d;a&#x63;i&#x6f;n&#101;&#x73;&#64;&#x63;&#111;&#x6c;&#101;&#x67;i&#x6f;s&#x69;c&#46;&#x63;&#108; indicando:<br \/>\nN\u00famero telef\u00f3nico<br \/>\nNombre y RUN del el\/la apoderado\/a<br \/>\nNombre del estudiante y curso.<\/p>\n<p>Les recordamos que para nosotros es muy importante contar con su suscripci\u00f3n a este medio de comunicaci\u00f3n, pues a trav\u00e9s de esta plataforma recibir\u00e1n informaci\u00f3n relevante del colegio.<\/p>\n<p>Atentamente,<\/p>\n<p>Direcci\u00f3n SIC<\/p>\n","protected":false},"excerpt":{"rendered":"<p>Estimadas Familias: Esperando que se encuentren muy bien, quisiera recordarles una informaci\u00f3n que fue entregada en reuniones de apoderados, respecto al WhatsApp institucional. En nuestro af\u00e1n por seguir fortaleciendo la comunicaci\u00f3n colegio-familia, desde este a\u00f1o, los\/las apoderados\/as pueden suscribirse al WhatsApp institucional. \u00bfC\u00f3mo suscribirse? Es muy sencillo, pueden escanear el c\u00f3digo QR que se adjunta&hellip;<\/p>\n","protected":false},"author":1,"featured_media":0,"comment_status":"closed","ping_status":"closed","sticky":false,"template":"","format":"standard","meta":[],"categories":[3],"tags":[],"_links":{"self":[{"href":"http:\/\/sanignacioconcepcion.cl\/sitio\/wp-json\/wp\/v2\/posts\/7884"}],"collection":[{"href":"http:\/\/sanignacioconcepcion.cl\/sitio\/wp-json\/wp\/v2\/posts"}],"about":[{"href":"http:\/\/sanignacioconcepcion.cl\/sitio\/wp-json\/wp\/v2\/types\/post"}],"author":[{"embeddable":true,"href":"http:\/\/sanignacioconcepcion.cl\/sitio\/wp-json\/wp\/v2\/users\/1"}],"replies":[{"embeddable":true,"href":"http:\/\/sanignacioconcepcion.cl\/sitio\/wp-json\/wp\/v2\/comments?post=7884"}],"version-history":[{"count":2,"href":"http:\/\/sanignacioconcepcion.cl\/sitio\/wp-json\/wp\/v2\/posts\/7884\/revisions"}],"predecessor-version":[{"id":7887,"href":"http:\/\/sanignacioconcepcion.cl\/sitio\/wp-json\/wp\/v2\/posts\/7884\/revisions\/7887"}],"wp:attachment":[{"href":"http:\/\/sanignacioconcepcion.cl\/sitio\/wp-json\/wp\/v2\/media?parent=7884"}],"wp:term":[{"taxonomy":"category","embeddable":true,"href":"http:\/\/sanignacioconcepcion.cl\/sitio\/wp-json\/wp\/v2\/categories?post=7884"},{"taxonomy":"post_tag","embeddable":true,"href":"http:\/\/sanignacioconcepcion.cl\/sitio\/wp-json\/wp\/v2\/tags?post=7884"}],"curies":[{"name":"wp","href":"https:\/\/api.w.org\/{rel}","templated":true}]}}