{"id":7896,"date":"2024-04-05T20:18:42","date_gmt":"2024-04-05T20:18:42","guid":{"rendered":"http:\/\/sanignacioconcepcion.cl\/sitio\/?p=7896"},"modified":"2024-04-05T20:18:42","modified_gmt":"2024-04-05T20:18:42","slug":"taller-mapadres-e-hijos-as-7mos-basicos","status":"publish","type":"post","link":"http:\/\/sanignacioconcepcion.cl\/sitio\/taller-mapadres-e-hijos-as-7mos-basicos\/","title":{"rendered":"Taller \u00abMaPadres e hijos\/as\u00bb 7mos b\u00e1sicos"},"content":{"rendered":"<p>Estimadas familias de 7mos b\u00e1sicos:<\/p>\n<p>Junto con saludar y esperando que se encuentren bien, les recuerdo que, de acuerdo a lo informado en reuni\u00f3n de apoderados, se acerca el taller \u00abMaPadres e hijos\/as\u00bb, el cual est\u00e1 destinado exclusivamente a las familias de 7mo b\u00e1sico.<\/p>\n<p>A este taller debe asistir el\/la estudiante junto a su mam\u00e1 y\/o pap\u00e1. No puede asistir el estudiante solo, sin embargo, excepcionalmente podr\u00eda asistir alguno de los padres, sin el hijo. Tampoco puede ser otro familiar, excepto que tenga la tuici\u00f3n legal.<\/p>\n<p>Este taller es un espacio de aprendizaje y de compartir, por tanto es indispensable lo siguiente:<br \/>\nSer puntuales (si nos atrasamos al inicio, nos atrasamos en el t\u00e9rmino)<br \/>\nTraer utensilios y alguna comida para compartir un desayuno comunitario (el colegio dispone el agua caliente). Se sugiere coordinarse internamente y que sea algo sencillo.<br \/>\nTraer estuche con l\u00e1pices de colores (adultos y estudiantes)<br \/>\nTraer coj\u00edn o mantita para sentarse en el suelo (adultos y estudiantes)<\/p>\n<p>Se trabaja por separado los adultos de los hijos y se comparte en algunos momentos puntuales.<\/p>\n<p>Por ser una actividad formativa, la asistencia es obligatoria. Cualquier justificaci\u00f3n se debe realizar en entrevista con la Directora de Ciclo<\/p>\n<p>Los y las animamos a asistir con entusiasmo a esta actividad que busca fortalecer el v\u00ednculo de cada familia.<\/p>\n<p>La convocatoria es para el s\u00e1bado 20 de abril, de 10:00 a 13:00 horas.<br \/>\nLugar de inicio: Capilla Colegio.<\/p>\n<p>Atentamente,<\/p>\n<p>Nilda Ambiado L.<br \/>\nDirectora Ciclo Roma<\/p>\n<p><img loading=\"lazy\" class=\"alignnone wp-image-7898 size-large\" src=\"http:\/\/sanignacioconcepcion.cl\/sitio\/wp-content\/uploads\/2024\/04\/Taller7mos-1024x791.jpg\" alt=\"\" width=\"1024\" height=\"791\" srcset=\"http:\/\/sanignacioconcepcion.cl\/sitio\/wp-content\/uploads\/2024\/04\/Taller7mos-1024x791.jpg 1024w, http:\/\/sanignacioconcepcion.cl\/sitio\/wp-content\/uploads\/2024\/04\/Taller7mos-768x593.jpg 768w, http:\/\/sanignacioconcepcion.cl\/sitio\/wp-content\/uploads\/2024\/04\/Taller7mos-1536x1187.jpg 1536w, http:\/\/sanignacioconcepcion.cl\/sitio\/wp-content\/uploads\/2024\/04\/Taller7mos-600x464.jpg 600w, http:\/\/sanignacioconcepcion.cl\/sitio\/wp-content\/uploads\/2024\/04\/Taller7mos.jpg 2000w\" sizes=\"(max-width: 1024px) 100vw, 1024px\" \/><\/p>\n","protected":false},"excerpt":{"rendered":"<p>Estimadas familias de 7mos b\u00e1sicos: Junto con saludar y esperando que se encuentren bien, les recuerdo que, de acuerdo a lo informado en reuni\u00f3n de apoderados, se acerca el taller \u00abMaPadres e hijos\/as\u00bb, el cual est\u00e1 destinado exclusivamente a las familias de 7mo b\u00e1sico. A este taller debe asistir el\/la estudiante junto a su mam\u00e1&hellip;<\/p>\n","protected":false},"author":1,"featured_media":0,"comment_status":"closed","ping_status":"closed","sticky":false,"template":"","format":"standard","meta":[],"categories":[3],"tags":[],"_links":{"self":[{"href":"http:\/\/sanignacioconcepcion.cl\/sitio\/wp-json\/wp\/v2\/posts\/7896"}],"collection":[{"href":"http:\/\/sanignacioconcepcion.cl\/sitio\/wp-json\/wp\/v2\/posts"}],"about":[{"href":"http:\/\/sanignacioconcepcion.cl\/sitio\/wp-json\/wp\/v2\/types\/post"}],"author":[{"embeddable":true,"href":"http:\/\/sanignacioconcepcion.cl\/sitio\/wp-json\/wp\/v2\/users\/1"}],"replies":[{"embeddable":true,"href":"http:\/\/sanignacioconcepcion.cl\/sitio\/wp-json\/wp\/v2\/comments?post=7896"}],"version-history":[{"count":2,"href":"http:\/\/sanignacioconcepcion.cl\/sitio\/wp-json\/wp\/v2\/posts\/7896\/revisions"}],"predecessor-version":[{"id":7899,"href":"http:\/\/sanignacioconcepcion.cl\/sitio\/wp-json\/wp\/v2\/posts\/7896\/revisions\/7899"}],"wp:attachment":[{"href":"http:\/\/sanignacioconcepcion.cl\/sitio\/wp-json\/wp\/v2\/media?parent=7896"}],"wp:term":[{"taxonomy":"category","embeddable":true,"href":"http:\/\/sanignacioconcepcion.cl\/sitio\/wp-json\/wp\/v2\/categories?post=7896"},{"taxonomy":"post_tag","embeddable":true,"href":"http:\/\/sanignacioconcepcion.cl\/sitio\/wp-json\/wp\/v2\/tags?post=7896"}],"curies":[{"name":"wp","href":"https:\/\/api.w.org\/{rel}","templated":true}]}}