{"id":7990,"date":"2024-04-16T18:34:11","date_gmt":"2024-04-16T18:34:11","guid":{"rendered":"http:\/\/sanignacioconcepcion.cl\/sitio\/?p=7990"},"modified":"2024-04-16T18:34:11","modified_gmt":"2024-04-16T18:34:11","slug":"suspension-proceso-de-vacunacion-contra-la-influenza","status":"publish","type":"post","link":"http:\/\/sanignacioconcepcion.cl\/sitio\/suspension-proceso-de-vacunacion-contra-la-influenza\/","title":{"rendered":"Suspensi\u00f3n proceso de vacunaci\u00f3n contra la influenza"},"content":{"rendered":"<p>Estimadas familias:<\/p>\n<p>Informamos a ustedes\u00a0que SE SUSPENDE el proceso de vacunaci\u00f3n contra la influenza, que estaba programado para los d\u00edas 17 y 18 de abril.<\/p>\n<p>Este proceso se reprogramar\u00e1\u00a0para mayo y se anunciar\u00e1 la nueva fecha seg\u00fan confirmaci\u00f3n del personal del CESFAM Candelaria.<\/p>\n<p>Finalmente, les recordamos que este procedimiento estaba destinado a estudiantes desde Pre Kinder a 5to b\u00e1sico. <\/p>\n<p>Agradecemos su comprensi\u00f3n.<\/p>\n<p>Atentamente,<\/p>\n<p>Enfermer\u00eda\u00a0SIC<\/p>\n","protected":false},"excerpt":{"rendered":"<p>Estimadas familias: Informamos a ustedes\u00a0que SE SUSPENDE el proceso de vacunaci\u00f3n contra la influenza, que estaba programado para los d\u00edas 17 y 18 de abril. Este proceso se reprogramar\u00e1\u00a0para mayo y se anunciar\u00e1 la nueva fecha seg\u00fan confirmaci\u00f3n del personal del CESFAM Candelaria. Finalmente, les recordamos que este procedimiento estaba destinado a estudiantes desde Pre&hellip;<\/p>\n","protected":false},"author":1,"featured_media":0,"comment_status":"closed","ping_status":"closed","sticky":false,"template":"","format":"standard","meta":[],"categories":[3],"tags":[],"_links":{"self":[{"href":"http:\/\/sanignacioconcepcion.cl\/sitio\/wp-json\/wp\/v2\/posts\/7990"}],"collection":[{"href":"http:\/\/sanignacioconcepcion.cl\/sitio\/wp-json\/wp\/v2\/posts"}],"about":[{"href":"http:\/\/sanignacioconcepcion.cl\/sitio\/wp-json\/wp\/v2\/types\/post"}],"author":[{"embeddable":true,"href":"http:\/\/sanignacioconcepcion.cl\/sitio\/wp-json\/wp\/v2\/users\/1"}],"replies":[{"embeddable":true,"href":"http:\/\/sanignacioconcepcion.cl\/sitio\/wp-json\/wp\/v2\/comments?post=7990"}],"version-history":[{"count":1,"href":"http:\/\/sanignacioconcepcion.cl\/sitio\/wp-json\/wp\/v2\/posts\/7990\/revisions"}],"predecessor-version":[{"id":7991,"href":"http:\/\/sanignacioconcepcion.cl\/sitio\/wp-json\/wp\/v2\/posts\/7990\/revisions\/7991"}],"wp:attachment":[{"href":"http:\/\/sanignacioconcepcion.cl\/sitio\/wp-json\/wp\/v2\/media?parent=7990"}],"wp:term":[{"taxonomy":"category","embeddable":true,"href":"http:\/\/sanignacioconcepcion.cl\/sitio\/wp-json\/wp\/v2\/categories?post=7990"},{"taxonomy":"post_tag","embeddable":true,"href":"http:\/\/sanignacioconcepcion.cl\/sitio\/wp-json\/wp\/v2\/tags?post=7990"}],"curies":[{"name":"wp","href":"https:\/\/api.w.org\/{rel}","templated":true}]}}