{"id":8064,"date":"2024-04-24T14:45:45","date_gmt":"2024-04-24T14:45:45","guid":{"rendered":"http:\/\/sanignacioconcepcion.cl\/sitio\/?p=8064"},"modified":"2024-04-24T14:45:45","modified_gmt":"2024-04-24T14:45:45","slug":"informacion-importante-24-de-abril","status":"publish","type":"post","link":"http:\/\/sanignacioconcepcion.cl\/sitio\/informacion-importante-24-de-abril\/","title":{"rendered":"Informaci\u00f3n Importante &#8211; 24 de abril"},"content":{"rendered":"<p>Estimada Comunidad:<\/p>\n<p>Informamos a ustedes que pasado las 6 de la ma\u00f1ana de hoy, el Sr. Jorge Sagredo, que se desempe\u00f1aba como guardia de seguridad de la empresa que presta servicios a nuestro Colegio, sufri\u00f3 un problema de salud.<\/p>\n<p>Por este motivo y para dar los primeros auxilios, concurri\u00f3 a nuestro establecimiento el SAMU, lamentablemente y pese a los esfuerzos del personal param\u00e9dico, don Jorge falleci\u00f3, aparentemente de un paro cardiorrespiratorio.<\/p>\n<p>Durante la ma\u00f1ana de hoy se estar\u00e1n desarrollando los procedimientos correspondientes.<\/p>\n<p>En estos momentos de dolor, como comunidad ignaciana nos unimos en oraci\u00f3n por don Jorge, pidiendo al Padre Dios por su descanso y paz para su familia.<\/p>\n<p>Estaremos comunic\u00e1ndoles m\u00e1s detalles sobre su velorio y c\u00f3mo nos seguiremos acompa\u00f1ando como comunidad.<\/p>\n<p>Atentamente,<\/p>\n","protected":false},"excerpt":{"rendered":"<p>Estimada Comunidad: Informamos a ustedes que pasado las 6 de la ma\u00f1ana de hoy, el Sr. Jorge Sagredo, que se desempe\u00f1aba como guardia de seguridad de la empresa que presta servicios a nuestro Colegio, sufri\u00f3 un problema de salud. Por este motivo y para dar los primeros auxilios, concurri\u00f3 a nuestro establecimiento el SAMU, lamentablemente&hellip;<\/p>\n","protected":false},"author":1,"featured_media":0,"comment_status":"closed","ping_status":"closed","sticky":false,"template":"","format":"standard","meta":[],"categories":[3],"tags":[],"_links":{"self":[{"href":"http:\/\/sanignacioconcepcion.cl\/sitio\/wp-json\/wp\/v2\/posts\/8064"}],"collection":[{"href":"http:\/\/sanignacioconcepcion.cl\/sitio\/wp-json\/wp\/v2\/posts"}],"about":[{"href":"http:\/\/sanignacioconcepcion.cl\/sitio\/wp-json\/wp\/v2\/types\/post"}],"author":[{"embeddable":true,"href":"http:\/\/sanignacioconcepcion.cl\/sitio\/wp-json\/wp\/v2\/users\/1"}],"replies":[{"embeddable":true,"href":"http:\/\/sanignacioconcepcion.cl\/sitio\/wp-json\/wp\/v2\/comments?post=8064"}],"version-history":[{"count":1,"href":"http:\/\/sanignacioconcepcion.cl\/sitio\/wp-json\/wp\/v2\/posts\/8064\/revisions"}],"predecessor-version":[{"id":8065,"href":"http:\/\/sanignacioconcepcion.cl\/sitio\/wp-json\/wp\/v2\/posts\/8064\/revisions\/8065"}],"wp:attachment":[{"href":"http:\/\/sanignacioconcepcion.cl\/sitio\/wp-json\/wp\/v2\/media?parent=8064"}],"wp:term":[{"taxonomy":"category","embeddable":true,"href":"http:\/\/sanignacioconcepcion.cl\/sitio\/wp-json\/wp\/v2\/categories?post=8064"},{"taxonomy":"post_tag","embeddable":true,"href":"http:\/\/sanignacioconcepcion.cl\/sitio\/wp-json\/wp\/v2\/tags?post=8064"}],"curies":[{"name":"wp","href":"https:\/\/api.w.org\/{rel}","templated":true}]}}