{"id":8072,"date":"2024-04-22T20:13:51","date_gmt":"2024-04-22T20:13:51","guid":{"rendered":"http:\/\/sanignacioconcepcion.cl\/sitio\/?p=8072"},"modified":"2024-04-25T20:19:44","modified_gmt":"2024-04-25T20:19:44","slug":"dia-del-libro-26-de-abril","status":"publish","type":"post","link":"http:\/\/sanignacioconcepcion.cl\/sitio\/dia-del-libro-26-de-abril\/","title":{"rendered":"D\u00eda del Libro &#8211; 26 de abril \/ Charla poeta Alejandro Concha \/ \u00abPepo es de Conce\u00bb"},"content":{"rendered":"<p><strong>Charla poeta Alejandro Concha (II\u00ba-IV\u00ba)<\/strong><\/p>\n<p>El prop\u00f3sito de esta actividad es establecer un acercamiento de la poes\u00eda a los lectores j\u00f3venes desde una perspectiva de las tem\u00e1ticas locales y territoriales.<\/p>\n<p><img loading=\"lazy\" class=\"alignnone wp-image-8073 size-large\" src=\"http:\/\/sanignacioconcepcion.cl\/sitio\/wp-content\/uploads\/2024\/04\/2-4-724x1024.png\" alt=\"\" width=\"724\" height=\"1024\" srcset=\"http:\/\/sanignacioconcepcion.cl\/sitio\/wp-content\/uploads\/2024\/04\/2-4-724x1024.png 724w, http:\/\/sanignacioconcepcion.cl\/sitio\/wp-content\/uploads\/2024\/04\/2-4-768x1086.png 768w, http:\/\/sanignacioconcepcion.cl\/sitio\/wp-content\/uploads\/2024\/04\/2-4-1086x1536.png 1086w, http:\/\/sanignacioconcepcion.cl\/sitio\/wp-content\/uploads\/2024\/04\/2-4-1448x2048.png 1448w, http:\/\/sanignacioconcepcion.cl\/sitio\/wp-content\/uploads\/2024\/04\/2-4-600x849.png 600w, http:\/\/sanignacioconcepcion.cl\/sitio\/wp-content\/uploads\/2024\/04\/2-4.png 1587w\" sizes=\"(max-width: 724px) 100vw, 724px\" \/><\/p>\n<p><strong>Charla \u201cPepo es de Conce\u201d<\/strong><\/p>\n<p>El prop\u00f3sito de esta actividad es establecer un acercamiento del creador de Condorito<br \/>\ncomo una figura local penquista. En la instancia habr\u00e1 un corp\u00f3reo de Condorito con<br \/>\nquien los estudiantes podr\u00e1n interactuar.<img loading=\"lazy\" class=\"alignnone wp-image-8074 size-large\" src=\"http:\/\/sanignacioconcepcion.cl\/sitio\/wp-content\/uploads\/2024\/04\/1-724x1024.png\" alt=\"\" width=\"724\" height=\"1024\" srcset=\"http:\/\/sanignacioconcepcion.cl\/sitio\/wp-content\/uploads\/2024\/04\/1-724x1024.png 724w, http:\/\/sanignacioconcepcion.cl\/sitio\/wp-content\/uploads\/2024\/04\/1-768x1086.png 768w, http:\/\/sanignacioconcepcion.cl\/sitio\/wp-content\/uploads\/2024\/04\/1-1086x1536.png 1086w, http:\/\/sanignacioconcepcion.cl\/sitio\/wp-content\/uploads\/2024\/04\/1-1448x2048.png 1448w, http:\/\/sanignacioconcepcion.cl\/sitio\/wp-content\/uploads\/2024\/04\/1-600x849.png 600w, http:\/\/sanignacioconcepcion.cl\/sitio\/wp-content\/uploads\/2024\/04\/1.png 1587w\" sizes=\"(max-width: 724px) 100vw, 724px\" \/><\/p>\n","protected":false},"excerpt":{"rendered":"<p>Charla poeta Alejandro Concha (II\u00ba-IV\u00ba) El prop\u00f3sito de esta actividad es establecer un acercamiento de la poes\u00eda a los lectores j\u00f3venes desde una perspectiva de las tem\u00e1ticas locales y territoriales. Charla \u201cPepo es de Conce\u201d El prop\u00f3sito de esta actividad es establecer un acercamiento del creador de Condorito como una figura local penquista. En la&hellip;<\/p>\n","protected":false},"author":1,"featured_media":0,"comment_status":"closed","ping_status":"closed","sticky":false,"template":"","format":"standard","meta":[],"categories":[3],"tags":[],"_links":{"self":[{"href":"http:\/\/sanignacioconcepcion.cl\/sitio\/wp-json\/wp\/v2\/posts\/8072"}],"collection":[{"href":"http:\/\/sanignacioconcepcion.cl\/sitio\/wp-json\/wp\/v2\/posts"}],"about":[{"href":"http:\/\/sanignacioconcepcion.cl\/sitio\/wp-json\/wp\/v2\/types\/post"}],"author":[{"embeddable":true,"href":"http:\/\/sanignacioconcepcion.cl\/sitio\/wp-json\/wp\/v2\/users\/1"}],"replies":[{"embeddable":true,"href":"http:\/\/sanignacioconcepcion.cl\/sitio\/wp-json\/wp\/v2\/comments?post=8072"}],"version-history":[{"count":2,"href":"http:\/\/sanignacioconcepcion.cl\/sitio\/wp-json\/wp\/v2\/posts\/8072\/revisions"}],"predecessor-version":[{"id":8076,"href":"http:\/\/sanignacioconcepcion.cl\/sitio\/wp-json\/wp\/v2\/posts\/8072\/revisions\/8076"}],"wp:attachment":[{"href":"http:\/\/sanignacioconcepcion.cl\/sitio\/wp-json\/wp\/v2\/media?parent=8072"}],"wp:term":[{"taxonomy":"category","embeddable":true,"href":"http:\/\/sanignacioconcepcion.cl\/sitio\/wp-json\/wp\/v2\/categories?post=8072"},{"taxonomy":"post_tag","embeddable":true,"href":"http:\/\/sanignacioconcepcion.cl\/sitio\/wp-json\/wp\/v2\/tags?post=8072"}],"curies":[{"name":"wp","href":"https:\/\/api.w.org\/{rel}","templated":true}]}}