{"id":8128,"date":"2024-05-03T17:39:13","date_gmt":"2024-05-03T17:39:13","guid":{"rendered":"http:\/\/sanignacioconcepcion.cl\/sitio\/?p=8128"},"modified":"2024-05-03T17:39:13","modified_gmt":"2024-05-03T17:39:13","slug":"informacion-sobre-proceso-de-vacunacion-contra-la-influenza-2","status":"publish","type":"post","link":"http:\/\/sanignacioconcepcion.cl\/sitio\/informacion-sobre-proceso-de-vacunacion-contra-la-influenza-2\/","title":{"rendered":"Informaci\u00f3n sobre proceso de vacunaci\u00f3n contra la influenza"},"content":{"rendered":"<p>Estimadas familias:<\/p>\n<p>Las saludamos atentamente e informamos a ustedes que los d\u00edas <strong>viernes 10 y lunes 13 de mayo<\/strong> se realizar\u00e1 en nuestro Colegio el proceso de vacunaci\u00f3n contra la Influenza.<\/p>\n<p>Dicho procedimiento lo realizar\u00e1 personal del CESFAM Candelaria dentro de la jornada escolar.<\/p>\n<p>Es importante se\u00f1alar que, esta vacunaci\u00f3n involucra a ni\u00f1as y ni\u00f1os de Pre-K\u00ednder a 5\u00b0 b\u00e1sico.<\/p>\n<p>Para desarrollar este procedimiento de forma \u00f3ptima se requiere lo siguiente:<\/p>\n<p>Es importante que los ni\u00f1os\/as asistan con ropa liviana (polera y poler\u00f3n) para facilitar la aplicaci\u00f3n de la vacuna.<\/p>\n<p><strong>Se vacunar\u00e1 SOLO a los\/las estudiantes de los cursos indicados, que entreguen la autorizaci\u00f3n en enfermer\u00eda del Colegio (enviada por mano).<\/strong><\/p>\n<p>En caso de cualquier duda respecto al procedimiento o solicitud del apoderado escribir al correo e&#110;&#x66;&#x65;&#x72;m&#101;&#x72;&#x69;&#x61;&#64;&#99;&#x6f;&#x6c;&#x65;g&#105;&#x6f;&#x73;&#x69;c&#46;&#x63;&#x6c;<\/p>\n<p>Atentamente,<\/p>\n<p>Enfermer\u00eda SIC<\/p>\n","protected":false},"excerpt":{"rendered":"<p>Estimadas familias: Las saludamos atentamente e informamos a ustedes que los d\u00edas viernes 10 y lunes 13 de mayo se realizar\u00e1 en nuestro Colegio el proceso de vacunaci\u00f3n contra la Influenza. Dicho procedimiento lo realizar\u00e1 personal del CESFAM Candelaria dentro de la jornada escolar. Es importante se\u00f1alar que, esta vacunaci\u00f3n involucra a ni\u00f1as y ni\u00f1os&hellip;<\/p>\n","protected":false},"author":1,"featured_media":0,"comment_status":"closed","ping_status":"closed","sticky":false,"template":"","format":"standard","meta":[],"categories":[3],"tags":[],"_links":{"self":[{"href":"http:\/\/sanignacioconcepcion.cl\/sitio\/wp-json\/wp\/v2\/posts\/8128"}],"collection":[{"href":"http:\/\/sanignacioconcepcion.cl\/sitio\/wp-json\/wp\/v2\/posts"}],"about":[{"href":"http:\/\/sanignacioconcepcion.cl\/sitio\/wp-json\/wp\/v2\/types\/post"}],"author":[{"embeddable":true,"href":"http:\/\/sanignacioconcepcion.cl\/sitio\/wp-json\/wp\/v2\/users\/1"}],"replies":[{"embeddable":true,"href":"http:\/\/sanignacioconcepcion.cl\/sitio\/wp-json\/wp\/v2\/comments?post=8128"}],"version-history":[{"count":1,"href":"http:\/\/sanignacioconcepcion.cl\/sitio\/wp-json\/wp\/v2\/posts\/8128\/revisions"}],"predecessor-version":[{"id":8129,"href":"http:\/\/sanignacioconcepcion.cl\/sitio\/wp-json\/wp\/v2\/posts\/8128\/revisions\/8129"}],"wp:attachment":[{"href":"http:\/\/sanignacioconcepcion.cl\/sitio\/wp-json\/wp\/v2\/media?parent=8128"}],"wp:term":[{"taxonomy":"category","embeddable":true,"href":"http:\/\/sanignacioconcepcion.cl\/sitio\/wp-json\/wp\/v2\/categories?post=8128"},{"taxonomy":"post_tag","embeddable":true,"href":"http:\/\/sanignacioconcepcion.cl\/sitio\/wp-json\/wp\/v2\/tags?post=8128"}],"curies":[{"name":"wp","href":"https:\/\/api.w.org\/{rel}","templated":true}]}}