{"id":8149,"date":"2024-05-07T13:57:32","date_gmt":"2024-05-07T13:57:32","guid":{"rendered":"http:\/\/sanignacioconcepcion.cl\/sitio\/?p=8149"},"modified":"2024-05-09T13:58:57","modified_gmt":"2024-05-09T13:58:57","slug":"ajuste-de-jornada-lunes-13-de-mayo-dia-del-estudiante","status":"publish","type":"post","link":"http:\/\/sanignacioconcepcion.cl\/sitio\/ajuste-de-jornada-lunes-13-de-mayo-dia-del-estudiante\/","title":{"rendered":"Ajuste de jornada lunes 13 de mayo &#8211; D\u00eda del Estudiante"},"content":{"rendered":"<p>Estimadas Familias:<\/p>\n<p>Junto con saludar, informo a ustedes que dentro del marco de la Celebraci\u00f3n del D\u00eda del\/la Estudiante, el <strong>lunes 13 de mayo <\/strong>el horario de <strong>salida para todos\/as los\/las alumnos\/as ser\u00e1 a las 11:35 horas.<\/strong><\/p>\n<p><strong>Los lugares establecidos para la salida son los siguientes:<\/strong><br \/>\n&#8211;  Pre K\u00ednder y K\u00ednder: Sector Pre b\u00e1sica<br \/>\n&#8211;  1ro a 6to b\u00e1sico: Hall principal<br \/>\n&#8211;  7o a IVo medio: Sector Casino<\/p>\n<p>ACLE: Suspendido el lunes 13 de mayo.<br \/>\nJUNAEB: estar\u00e1 disponible el desayuno para los estudiantes beneficiarios del programa.<\/p>\n<p>Agradecemos a ustedes considerar esta informaci\u00f3n para el retiro oportuno de los\/las estudiantes.<\/p>\n<p>Atentamente,<\/p>\n<p>Claudia Messina<br \/>\nDirectora<\/p>\n","protected":false},"excerpt":{"rendered":"<p>Estimadas Familias: Junto con saludar, informo a ustedes que dentro del marco de la Celebraci\u00f3n del D\u00eda del\/la Estudiante, el lunes 13 de mayo el horario de salida para todos\/as los\/las alumnos\/as ser\u00e1 a las 11:35 horas. Los lugares establecidos para la salida son los siguientes: &#8211; Pre K\u00ednder y K\u00ednder: Sector Pre b\u00e1sica &#8211;&hellip;<\/p>\n","protected":false},"author":1,"featured_media":0,"comment_status":"closed","ping_status":"closed","sticky":false,"template":"","format":"standard","meta":[],"categories":[3],"tags":[],"_links":{"self":[{"href":"http:\/\/sanignacioconcepcion.cl\/sitio\/wp-json\/wp\/v2\/posts\/8149"}],"collection":[{"href":"http:\/\/sanignacioconcepcion.cl\/sitio\/wp-json\/wp\/v2\/posts"}],"about":[{"href":"http:\/\/sanignacioconcepcion.cl\/sitio\/wp-json\/wp\/v2\/types\/post"}],"author":[{"embeddable":true,"href":"http:\/\/sanignacioconcepcion.cl\/sitio\/wp-json\/wp\/v2\/users\/1"}],"replies":[{"embeddable":true,"href":"http:\/\/sanignacioconcepcion.cl\/sitio\/wp-json\/wp\/v2\/comments?post=8149"}],"version-history":[{"count":1,"href":"http:\/\/sanignacioconcepcion.cl\/sitio\/wp-json\/wp\/v2\/posts\/8149\/revisions"}],"predecessor-version":[{"id":8150,"href":"http:\/\/sanignacioconcepcion.cl\/sitio\/wp-json\/wp\/v2\/posts\/8149\/revisions\/8150"}],"wp:attachment":[{"href":"http:\/\/sanignacioconcepcion.cl\/sitio\/wp-json\/wp\/v2\/media?parent=8149"}],"wp:term":[{"taxonomy":"category","embeddable":true,"href":"http:\/\/sanignacioconcepcion.cl\/sitio\/wp-json\/wp\/v2\/categories?post=8149"},{"taxonomy":"post_tag","embeddable":true,"href":"http:\/\/sanignacioconcepcion.cl\/sitio\/wp-json\/wp\/v2\/tags?post=8149"}],"curies":[{"name":"wp","href":"https:\/\/api.w.org\/{rel}","templated":true}]}}