{"id":8199,"date":"2024-05-09T21:12:19","date_gmt":"2024-05-09T21:12:19","guid":{"rendered":"http:\/\/sanignacioconcepcion.cl\/sitio\/?p=8199"},"modified":"2024-05-14T21:15:14","modified_gmt":"2024-05-14T21:15:14","slug":"cambio-fecha-ensayo-paes","status":"publish","type":"post","link":"http:\/\/sanignacioconcepcion.cl\/sitio\/cambio-fecha-ensayo-paes\/","title":{"rendered":"Cambio fecha Ensayo PAES"},"content":{"rendered":"<p>Estimadas\/os estudiantes y apoderados:<\/p>\n<p>Me dirijo a ustedes en calidad de Director Acad\u00e9mico para informarles sobre un cambio importante en el calendario de ensayos PAES.<\/p>\n<p>Despu\u00e9s de una cuidadosa revisi\u00f3n y evaluaci\u00f3n por parte del equipo acad\u00e9mico, hemos decidido reprogramar la fecha de aplicaci\u00f3n del tercer ensayo PAES. La nueva fecha programada para la realizaci\u00f3n de este ensayo ser\u00e1 el <strong>jueves 11 y viernes 12 de julio.<\/strong><\/p>\n<p>Quisiera destacar que el resto del calendario de ensayos permanecer\u00e1 inalterado. Esta medida ha sido tomada con el objetivo de permitirnos concentrarnos adecuadamente en el cierre del primer semestre acad\u00e9mico, garantizando as\u00ed un proceso de cobertura curricular y de evaluaci\u00f3n efectivo para todos nuestros estudiantes.<\/p>\n<p>Agradecemos su comprensi\u00f3n y colaboraci\u00f3n ante este cambio.<\/p>\n<p>Les saluda cordialmente,<\/p>\n<p>H\u00e9ctor Nova Mardones<br \/>\nDirector acad\u00e9mico.<\/p>\n","protected":false},"excerpt":{"rendered":"<p>Estimadas\/os estudiantes y apoderados: Me dirijo a ustedes en calidad de Director Acad\u00e9mico para informarles sobre un cambio importante en el calendario de ensayos PAES. Despu\u00e9s de una cuidadosa revisi\u00f3n y evaluaci\u00f3n por parte del equipo acad\u00e9mico, hemos decidido reprogramar la fecha de aplicaci\u00f3n del tercer ensayo PAES. La nueva fecha programada para la realizaci\u00f3n&hellip;<\/p>\n","protected":false},"author":1,"featured_media":0,"comment_status":"closed","ping_status":"closed","sticky":false,"template":"","format":"standard","meta":[],"categories":[3],"tags":[],"_links":{"self":[{"href":"http:\/\/sanignacioconcepcion.cl\/sitio\/wp-json\/wp\/v2\/posts\/8199"}],"collection":[{"href":"http:\/\/sanignacioconcepcion.cl\/sitio\/wp-json\/wp\/v2\/posts"}],"about":[{"href":"http:\/\/sanignacioconcepcion.cl\/sitio\/wp-json\/wp\/v2\/types\/post"}],"author":[{"embeddable":true,"href":"http:\/\/sanignacioconcepcion.cl\/sitio\/wp-json\/wp\/v2\/users\/1"}],"replies":[{"embeddable":true,"href":"http:\/\/sanignacioconcepcion.cl\/sitio\/wp-json\/wp\/v2\/comments?post=8199"}],"version-history":[{"count":2,"href":"http:\/\/sanignacioconcepcion.cl\/sitio\/wp-json\/wp\/v2\/posts\/8199\/revisions"}],"predecessor-version":[{"id":8201,"href":"http:\/\/sanignacioconcepcion.cl\/sitio\/wp-json\/wp\/v2\/posts\/8199\/revisions\/8201"}],"wp:attachment":[{"href":"http:\/\/sanignacioconcepcion.cl\/sitio\/wp-json\/wp\/v2\/media?parent=8199"}],"wp:term":[{"taxonomy":"category","embeddable":true,"href":"http:\/\/sanignacioconcepcion.cl\/sitio\/wp-json\/wp\/v2\/categories?post=8199"},{"taxonomy":"post_tag","embeddable":true,"href":"http:\/\/sanignacioconcepcion.cl\/sitio\/wp-json\/wp\/v2\/tags?post=8199"}],"curies":[{"name":"wp","href":"https:\/\/api.w.org\/{rel}","templated":true}]}}