{"id":8870,"date":"2024-10-15T14:10:35","date_gmt":"2024-10-15T17:10:35","guid":{"rendered":"http:\/\/sanignacioconcepcion.cl\/sitio\/?p=8870"},"modified":"2024-10-15T14:10:35","modified_gmt":"2024-10-15T17:10:35","slug":"premio-led-2024-nuestra-directora-fue-reconocida-por-el-liderazgo-en-inclusion-y-equidad","status":"publish","type":"post","link":"http:\/\/sanignacioconcepcion.cl\/sitio\/premio-led-2024-nuestra-directora-fue-reconocida-por-el-liderazgo-en-inclusion-y-equidad\/","title":{"rendered":"Premio LED 2024: Nuestra directora fue reconocida por el liderazgo en inclusi\u00f3n y equidad"},"content":{"rendered":"<p>El pasado jueves se llev\u00f3 a cabo la ceremonia de entrega del Premio L\u00edderes Educativos Directivos, en la que se reconoci\u00f3 a 29 l\u00edderes educativos destacados a nivel nacional. Este galard\u00f3n, que en 2024 celebra su segunda versi\u00f3n, tiene como prop\u00f3sito destacar \u00a0a aquellos l\u00edderes que, desde las particularidades de sus comunidades y territorios, han alcanzado resultados de excelencia, transformando la realidad de ni\u00f1os, ni\u00f1as y j\u00f3venes.<\/p>\n<p>En este contexto, \u00a0nuestra directora, Claudia Messina, fue una de las ganadoras de este prestigioso reconocimiento en la categor\u00eda de inclusi\u00f3n y equidad. Su compromiso con la educaci\u00f3n inclusiva y su labor por generar un entorno educativo m\u00e1s justo y equitativo le han valido este importante galard\u00f3n.<\/p>\n<p>\u201cEl trabajo de los directivos a veces pasa desapercibido, y este tipo de reconocimientos ayudan a visibilizar todo el esfuerzo que se realiza para gestionar y mejorar la educaci\u00f3n. Los directores, seg\u00fan todas las literaturas, son el segundo factor m\u00e1s influyente en la transformaci\u00f3n escolar, pero su labor es muchas veces poco conocida. Al mostrar lo que hacemos, no solo se valora nuestro aporte, sino que tambi\u00e9n se abre la posibilidad para que otros conozcan estas experiencias y, por qu\u00e9 no, repliquen las buenas pr\u00e1cticas\u201d, se\u00f1al\u00f3 nuestra directora, tras recibir el premio.<\/p>\n<p>El Premio LED es una iniciativa organizada por la Fundaci\u00f3n Impulso Docente, en colaboraci\u00f3n con la Fundaci\u00f3n Mustakis y el diario El Mercurio. La ceremonia se llev\u00f3 a cabo el 10 de octubre en la Torre Telef\u00f3nica, Santiago, reuniendo a l\u00edderes que han marcado una diferencia significativa en sus comunidades.<\/p>\n<p>Este reconocimiento no solo refleja el arduo trabajo de nuestra directora, sino tambi\u00e9n el compromiso de todo el equipo educativo por avanzar hacia una educaci\u00f3n m\u00e1s inclusiva y transformadora. <a href=\"https:\/\/photos.app.goo.gl\/yDJH8EFjGCMf3MUB6\">ver fotos<\/a><\/p>\n","protected":false},"excerpt":{"rendered":"<p>El pasado jueves se llev\u00f3 a cabo la ceremonia de entrega del Premio L\u00edderes Educativos Directivos, en la que se reconoci\u00f3 a 29 l\u00edderes educativos destacados a nivel nacional. Este galard\u00f3n, que en 2024 celebra su segunda versi\u00f3n, tiene como prop\u00f3sito destacar \u00a0a aquellos l\u00edderes que, desde las particularidades de sus comunidades y territorios, han&hellip;<\/p>\n","protected":false},"author":1,"featured_media":8871,"comment_status":"closed","ping_status":"closed","sticky":false,"template":"","format":"standard","meta":[],"categories":[4],"tags":[],"_links":{"self":[{"href":"http:\/\/sanignacioconcepcion.cl\/sitio\/wp-json\/wp\/v2\/posts\/8870"}],"collection":[{"href":"http:\/\/sanignacioconcepcion.cl\/sitio\/wp-json\/wp\/v2\/posts"}],"about":[{"href":"http:\/\/sanignacioconcepcion.cl\/sitio\/wp-json\/wp\/v2\/types\/post"}],"author":[{"embeddable":true,"href":"http:\/\/sanignacioconcepcion.cl\/sitio\/wp-json\/wp\/v2\/users\/1"}],"replies":[{"embeddable":true,"href":"http:\/\/sanignacioconcepcion.cl\/sitio\/wp-json\/wp\/v2\/comments?post=8870"}],"version-history":[{"count":1,"href":"http:\/\/sanignacioconcepcion.cl\/sitio\/wp-json\/wp\/v2\/posts\/8870\/revisions"}],"predecessor-version":[{"id":8872,"href":"http:\/\/sanignacioconcepcion.cl\/sitio\/wp-json\/wp\/v2\/posts\/8870\/revisions\/8872"}],"wp:featuredmedia":[{"embeddable":true,"href":"http:\/\/sanignacioconcepcion.cl\/sitio\/wp-json\/wp\/v2\/media\/8871"}],"wp:attachment":[{"href":"http:\/\/sanignacioconcepcion.cl\/sitio\/wp-json\/wp\/v2\/media?parent=8870"}],"wp:term":[{"taxonomy":"category","embeddable":true,"href":"http:\/\/sanignacioconcepcion.cl\/sitio\/wp-json\/wp\/v2\/categories?post=8870"},{"taxonomy":"post_tag","embeddable":true,"href":"http:\/\/sanignacioconcepcion.cl\/sitio\/wp-json\/wp\/v2\/tags?post=8870"}],"curies":[{"name":"wp","href":"https:\/\/api.w.org\/{rel}","templated":true}]}}