{"id":8873,"date":"2024-10-15T15:16:24","date_gmt":"2024-10-15T18:16:24","guid":{"rendered":"http:\/\/sanignacioconcepcion.cl\/sitio\/?p=8873"},"modified":"2024-10-15T15:16:24","modified_gmt":"2024-10-15T18:16:24","slug":"noche-de-las-artes-2024-rieles-de-rock-y-arte","status":"publish","type":"post","link":"http:\/\/sanignacioconcepcion.cl\/sitio\/noche-de-las-artes-2024-rieles-de-rock-y-arte\/","title":{"rendered":"Noche de las Artes 2024 &#8211; \u00abRieles de Rock y Arte\u00bb"},"content":{"rendered":"<p>Cada a\u00f1o, nuestros estudiantes de IV\u00b0 medio nos sorprenden con diversas presentaciones art\u00edsticas, y este 2024 no fue la excepci\u00f3n. En la esperada Noche de las Artes, bajo el nombre de \u00abRieles de Rock y Arte\u00bb, recorrimos la rica escena art\u00edstica de la zona penquista, fusionando lo mejor de las artes musicales y visuales.<\/p>\n<p>La jornada, realizada el pasado viernes, comenz\u00f3 con la participaci\u00f3n de los estudiantes de los electivos de Artes Visuales, Audiovisuales y Multimediales, junto con el electivo de Interpretaci\u00f3n Musical, impartidos por primera vez este a\u00f1o. Estas asignaturas han brindado a los estudiantes la oportunidad de explorar nuevas \u00e1reas creativas y desarrollar a\u00fan m\u00e1s sus talentos, tanto en lo visual como en lo musical. En particular, las presentaciones del electivo de Interpretaci\u00f3n Musical rindieron homenaje a la legendaria banda Queen.<\/p>\n<blockquote><p><em>La traves\u00eda art\u00edstica comenz\u00f3 en San Pedro de la Paz, donde nos dirigimos a la estaci\u00f3n del Biotren. Luego de cruzar el majestuoso r\u00edo Biob\u00edo y llegar a la estaci\u00f3n Concepci\u00f3n, tomamos un taxib\u00fas que nos llev\u00f3 hasta nuestro destino final: la Universidad de Concepci\u00f3n, un icono cultural de la regi\u00f3n.<\/em><\/p><\/blockquote>\n<p>Los\/las estudiantes de Artes Visuales Com\u00fan y Artes Musicales Com\u00fan, nos deleitaron con una propuesta art\u00edstica que reflejaba la visualidad y los c\u00f3digos pl\u00e1sticos que rodearon esta Noche de las Artes, con im\u00e1genes llenas de postales penquistas.<\/p>\n<p>Por su parte, los\/las estudiantes del electivo de Artes Visuales se centraron en realizar sus propuestas pl\u00e1sticas inspiradas en destacados artistas locales, como Claudio Romo, Luis Almendra y Roberto Cartes, entre otros. Explorando las tem\u00e1ticas y estilos de estos autores, demostrando su capacidad para reinterpretar sus obras y crear nuevas propuestas, mientras integraban nuevas t\u00e9cnicas y su propia creatividad. Este enfoque permiti\u00f3 a los estudiantes no solo rendir homenaje a estos artistas penquistas, sino tambi\u00e9n experimentar y expandir sus habilidades dentro del \u00e1mbito de las artes visuales.<\/p>\n<p>La m\u00fasica fue otro de los grandes protagonistas de la noche, con un repertorio centrado en las mejores bandas de rock penquistas, tales como Los Tres, De Saloon y Ni\u00f1o Cohete, entre otros. Las y los estudiantes demostraron una gran capacidad para capturar la esencia de estas bandas y transmitir la energ\u00eda que caracteriza a la escena musical de Concepci\u00f3n.<\/p>\n<p>Esta Noche de las Artes no solo fue una muestra de talento, sino tambi\u00e9n un viaje lleno de emociones, creatividad y el profundo sentido de pertenencia a nuestra rica cultura local.<\/p>\n<p>\u00a1Felicitaciones a todos quienes hicieron posible esta inolvidable experiencia! <a href=\"https:\/\/photos.app.goo.gl\/jBDdtN6WYvoH6Sjb6\">ver fotos<\/a><\/p>\n","protected":false},"excerpt":{"rendered":"<p>Cada a\u00f1o, nuestros estudiantes de IV\u00b0 medio nos sorprenden con diversas presentaciones art\u00edsticas, y este 2024 no fue la excepci\u00f3n. En la esperada Noche de las Artes, bajo el nombre de \u00abRieles de Rock y Arte\u00bb, recorrimos la rica escena art\u00edstica de la zona penquista, fusionando lo mejor de las artes musicales y visuales. La&hellip;<\/p>\n","protected":false},"author":1,"featured_media":8878,"comment_status":"closed","ping_status":"closed","sticky":false,"template":"","format":"standard","meta":[],"categories":[4],"tags":[],"_links":{"self":[{"href":"http:\/\/sanignacioconcepcion.cl\/sitio\/wp-json\/wp\/v2\/posts\/8873"}],"collection":[{"href":"http:\/\/sanignacioconcepcion.cl\/sitio\/wp-json\/wp\/v2\/posts"}],"about":[{"href":"http:\/\/sanignacioconcepcion.cl\/sitio\/wp-json\/wp\/v2\/types\/post"}],"author":[{"embeddable":true,"href":"http:\/\/sanignacioconcepcion.cl\/sitio\/wp-json\/wp\/v2\/users\/1"}],"replies":[{"embeddable":true,"href":"http:\/\/sanignacioconcepcion.cl\/sitio\/wp-json\/wp\/v2\/comments?post=8873"}],"version-history":[{"count":2,"href":"http:\/\/sanignacioconcepcion.cl\/sitio\/wp-json\/wp\/v2\/posts\/8873\/revisions"}],"predecessor-version":[{"id":8879,"href":"http:\/\/sanignacioconcepcion.cl\/sitio\/wp-json\/wp\/v2\/posts\/8873\/revisions\/8879"}],"wp:featuredmedia":[{"embeddable":true,"href":"http:\/\/sanignacioconcepcion.cl\/sitio\/wp-json\/wp\/v2\/media\/8878"}],"wp:attachment":[{"href":"http:\/\/sanignacioconcepcion.cl\/sitio\/wp-json\/wp\/v2\/media?parent=8873"}],"wp:term":[{"taxonomy":"category","embeddable":true,"href":"http:\/\/sanignacioconcepcion.cl\/sitio\/wp-json\/wp\/v2\/categories?post=8873"},{"taxonomy":"post_tag","embeddable":true,"href":"http:\/\/sanignacioconcepcion.cl\/sitio\/wp-json\/wp\/v2\/tags?post=8873"}],"curies":[{"name":"wp","href":"https:\/\/api.w.org\/{rel}","templated":true}]}}