{"id":8882,"date":"2024-10-15T16:30:06","date_gmt":"2024-10-15T19:30:06","guid":{"rendered":"http:\/\/sanignacioconcepcion.cl\/sitio\/?p=8882"},"modified":"2024-10-15T18:03:13","modified_gmt":"2024-10-15T21:03:13","slug":"feria-preventiva-en-el-sic-promoviendo-una-cultura-de-prevencion","status":"publish","type":"post","link":"http:\/\/sanignacioconcepcion.cl\/sitio\/feria-preventiva-en-el-sic-promoviendo-una-cultura-de-prevencion\/","title":{"rendered":"Feria Preventiva en el SIC: Promoviendo una Cultura de Prevenci\u00f3n"},"content":{"rendered":"<p>El pasado mi\u00e9rcoles se realiz\u00f3 en nuestro Colegio una Feria Preventiva, cuyo objetivo fue entregar informaci\u00f3n valiosa en temas de prevenci\u00f3n a todos y todas las estudiantes del establecimiento. Este evento cont\u00f3 con la participaci\u00f3n de diversas instituciones que desempe\u00f1an un rol fundamental en el bienestar de nuestra comunidad.<\/p>\n<p>Entre los asistentes se destac\u00f3 la presencia de personal de Carabineros de Chile, la Fundaci\u00f3n Iguales, el Departamento de la Mujer, la Oficina Local de la Ni\u00f1ez, Promoci\u00f3n de Salud, SENDA Previene, FAE (Familia de Acogida), la Oficina de la Infancia y Seguridad P\u00fablica. Cada una de estas entidades abord\u00f3 tem\u00e1ticas clave desde sus respectivas \u00e1reas, brindando a los estudiantes informaci\u00f3n relevante sobre derechos, autocuidado, prevenci\u00f3n de violencia, salud mental, inclusi\u00f3n y m\u00e1s.<\/p>\n<p>Esta feria forma parte del compromiso continuo del Colegio San Ignacio por instaurar una cultura preventiva dentro de la comunidad educativa, fortaleciendo los lazos con organizaciones como SENDA Previene, con quienes se mantiene un trabajo colaborativo constante. A trav\u00e9s de estas actividades, se busca sensibilizar y educar a estudiantes y educadores\/as para promover un entorno m\u00e1s seguro, inclusivo y consciente.<\/p>\n<p>Sin duda, esta jornada fue un paso importante en la consolidaci\u00f3n de un trabajo preventivo integral, que beneficiar\u00e1 a toda la comunidad ignaciana.<a href=\"https:\/\/photos.app.goo.gl\/7LJw1LBQjwMH25R47\">ver fotos<\/a><\/p>\n","protected":false},"excerpt":{"rendered":"<p>El pasado mi\u00e9rcoles se realiz\u00f3 en nuestro Colegio una Feria Preventiva, cuyo objetivo fue entregar informaci\u00f3n valiosa en temas de prevenci\u00f3n a todos y todas las estudiantes del establecimiento. Este evento cont\u00f3 con la participaci\u00f3n de diversas instituciones que desempe\u00f1an un rol fundamental en el bienestar de nuestra comunidad. Entre los asistentes se destac\u00f3 la&hellip;<\/p>\n","protected":false},"author":1,"featured_media":8884,"comment_status":"closed","ping_status":"closed","sticky":false,"template":"","format":"standard","meta":[],"categories":[4],"tags":[],"_links":{"self":[{"href":"http:\/\/sanignacioconcepcion.cl\/sitio\/wp-json\/wp\/v2\/posts\/8882"}],"collection":[{"href":"http:\/\/sanignacioconcepcion.cl\/sitio\/wp-json\/wp\/v2\/posts"}],"about":[{"href":"http:\/\/sanignacioconcepcion.cl\/sitio\/wp-json\/wp\/v2\/types\/post"}],"author":[{"embeddable":true,"href":"http:\/\/sanignacioconcepcion.cl\/sitio\/wp-json\/wp\/v2\/users\/1"}],"replies":[{"embeddable":true,"href":"http:\/\/sanignacioconcepcion.cl\/sitio\/wp-json\/wp\/v2\/comments?post=8882"}],"version-history":[{"count":5,"href":"http:\/\/sanignacioconcepcion.cl\/sitio\/wp-json\/wp\/v2\/posts\/8882\/revisions"}],"predecessor-version":[{"id":8888,"href":"http:\/\/sanignacioconcepcion.cl\/sitio\/wp-json\/wp\/v2\/posts\/8882\/revisions\/8888"}],"wp:featuredmedia":[{"embeddable":true,"href":"http:\/\/sanignacioconcepcion.cl\/sitio\/wp-json\/wp\/v2\/media\/8884"}],"wp:attachment":[{"href":"http:\/\/sanignacioconcepcion.cl\/sitio\/wp-json\/wp\/v2\/media?parent=8882"}],"wp:term":[{"taxonomy":"category","embeddable":true,"href":"http:\/\/sanignacioconcepcion.cl\/sitio\/wp-json\/wp\/v2\/categories?post=8882"},{"taxonomy":"post_tag","embeddable":true,"href":"http:\/\/sanignacioconcepcion.cl\/sitio\/wp-json\/wp\/v2\/tags?post=8882"}],"curies":[{"name":"wp","href":"https:\/\/api.w.org\/{rel}","templated":true}]}}