{"id":8907,"date":"2024-10-16T15:04:06","date_gmt":"2024-10-16T18:04:06","guid":{"rendered":"http:\/\/sanignacioconcepcion.cl\/sitio\/?p=8907"},"modified":"2024-10-16T15:04:06","modified_gmt":"2024-10-16T18:04:06","slug":"estudiantes-del-colegio-san-ignacio-presentes-en-el-xxii-encuentro-nacional-de-jovenes-investigadores-humanistas-que-organiza-el-ism","status":"publish","type":"post","link":"http:\/\/sanignacioconcepcion.cl\/sitio\/estudiantes-del-colegio-san-ignacio-presentes-en-el-xxii-encuentro-nacional-de-jovenes-investigadores-humanistas-que-organiza-el-ism\/","title":{"rendered":"Estudiantes del Colegio San Ignacio presentes en el XXII Encuentro Nacional de J\u00f3venes Investigadores Humanistas que organiza el ISM"},"content":{"rendered":"<p>El Instituto Santa Mar\u00eda de Chill\u00e1n organiz\u00f3 el XXII Encuentro Nacional de J\u00f3venes Investigadores Humanistas, llevado a cabo del 9 al 11 de octubre de 2024. Este a\u00f1o, el evento que convoc\u00f3 a estudiantes a nivel nacional, gir\u00f3 en torno al tema \u00abDespertando Conciencia: Transparencia, Justicia y Paz en Am\u00e9rica Latina, una mirada desde la historia reciente\u00bb, alineado con el Objetivo de Desarrollo Sostenible 16 de la ONU, que busca promover sociedades pac\u00edficas e inclusivas.<\/p>\n<p>La charla inaugural estuvo a cargo del destacado historiador y Premio Nacional de Historia 2022, Rafael Sagredo, quien expuso sobre el tema \u201cHistoria hoy \u00bfPara qu\u00e9?\u201d, brindando una reflexi\u00f3n sobre la relevancia de la historia en la actualidad y su papel en la sociedad contempor\u00e1nea.<\/p>\n<p>Nuestro colegio tuvo una destacada representaci\u00f3n en el evento, con dos grupos de estudiantes de 4\u00ba medio presentando sus investigaciones: \u00abGanancias a costa de la vida\u00bb, integrado por \u00c1lvaro Mardones (4MA), Benjam\u00edn Le\u00f3n (4MC) y David Guti\u00e9rrez (4MC), y \u00abDe las calles a las urnas\u00bb, con Antonella Squella (4MB), Daniela Torres (4MC), Crist\u00f3bal Cepeda (4MC) y Antonio Garc\u00e9s (4MC).<\/p>\n<p>Estos proyectos invitaron a reflexionar sobre la transparencia y la justicia en la sociedad latinoamericana, aspectos claves para construir una sociedad m\u00e1s equitativa y promotora de la paz.<\/p>\n<p>Los\/las estudiantes fueron acompa\u00f1ados por su profesor de Historia, Sr. Felipe Mu\u00f1oz: <a href=\"https:\/\/photos.app.goo.gl\/VZBZDovBYuQZBf126\">ver fotos<\/a><\/p>\n","protected":false},"excerpt":{"rendered":"<p>El Instituto Santa Mar\u00eda de Chill\u00e1n organiz\u00f3 el XXII Encuentro Nacional de J\u00f3venes Investigadores Humanistas, llevado a cabo del 9 al 11 de octubre de 2024. Este a\u00f1o, el evento que convoc\u00f3 a estudiantes a nivel nacional, gir\u00f3 en torno al tema \u00abDespertando Conciencia: Transparencia, Justicia y Paz en Am\u00e9rica Latina, una mirada desde la&hellip;<\/p>\n","protected":false},"author":1,"featured_media":8908,"comment_status":"closed","ping_status":"closed","sticky":false,"template":"","format":"standard","meta":[],"categories":[4],"tags":[],"_links":{"self":[{"href":"http:\/\/sanignacioconcepcion.cl\/sitio\/wp-json\/wp\/v2\/posts\/8907"}],"collection":[{"href":"http:\/\/sanignacioconcepcion.cl\/sitio\/wp-json\/wp\/v2\/posts"}],"about":[{"href":"http:\/\/sanignacioconcepcion.cl\/sitio\/wp-json\/wp\/v2\/types\/post"}],"author":[{"embeddable":true,"href":"http:\/\/sanignacioconcepcion.cl\/sitio\/wp-json\/wp\/v2\/users\/1"}],"replies":[{"embeddable":true,"href":"http:\/\/sanignacioconcepcion.cl\/sitio\/wp-json\/wp\/v2\/comments?post=8907"}],"version-history":[{"count":2,"href":"http:\/\/sanignacioconcepcion.cl\/sitio\/wp-json\/wp\/v2\/posts\/8907\/revisions"}],"predecessor-version":[{"id":8910,"href":"http:\/\/sanignacioconcepcion.cl\/sitio\/wp-json\/wp\/v2\/posts\/8907\/revisions\/8910"}],"wp:featuredmedia":[{"embeddable":true,"href":"http:\/\/sanignacioconcepcion.cl\/sitio\/wp-json\/wp\/v2\/media\/8908"}],"wp:attachment":[{"href":"http:\/\/sanignacioconcepcion.cl\/sitio\/wp-json\/wp\/v2\/media?parent=8907"}],"wp:term":[{"taxonomy":"category","embeddable":true,"href":"http:\/\/sanignacioconcepcion.cl\/sitio\/wp-json\/wp\/v2\/categories?post=8907"},{"taxonomy":"post_tag","embeddable":true,"href":"http:\/\/sanignacioconcepcion.cl\/sitio\/wp-json\/wp\/v2\/tags?post=8907"}],"curies":[{"name":"wp","href":"https:\/\/api.w.org\/{rel}","templated":true}]}}