{"id":8957,"date":"2024-10-16T17:25:12","date_gmt":"2024-10-16T20:25:12","guid":{"rendered":"http:\/\/sanignacioconcepcion.cl\/sitio\/?p=8957"},"modified":"2024-10-16T17:25:12","modified_gmt":"2024-10-16T20:25:12","slug":"encuentro-de-familias-laguna-chica-actividad-cancelada","status":"publish","type":"post","link":"http:\/\/sanignacioconcepcion.cl\/sitio\/encuentro-de-familias-laguna-chica-actividad-cancelada\/","title":{"rendered":"Encuentro de Familias \/ Laguna Chica &#8211; Actividad Cancelada"},"content":{"rendered":"<p>Lamentablemente, el Encuentro de familias ignacianas que estaba programado para este domingo 20 de octubre en el balneario municipal de la laguna chica, ha sido cancelado debido a que las condiciones clim\u00e1ticas proyectadas para ese d\u00eda no permitir\u00edan las actividades previstas.<\/p>\n<p>Esto no ser\u00e1 impedimento para encontrarnos en la Misa Familiar en la capilla de nuestro colegio a las 11:30 hrs. <\/p>\n<p><img loading=\"lazy\" src=\"http:\/\/sanignacioconcepcion.cl\/sitio\/wp-content\/uploads\/2024\/10\/Encuentro-familias-2-300x300.png\" alt=\"\" width=\"300\" height=\"300\" class=\"alignnone size-medium wp-image-8958\" srcset=\"http:\/\/sanignacioconcepcion.cl\/sitio\/wp-content\/uploads\/2024\/10\/Encuentro-familias-2-300x300.png 300w, http:\/\/sanignacioconcepcion.cl\/sitio\/wp-content\/uploads\/2024\/10\/Encuentro-familias-2-150x150.png 150w\" sizes=\"(max-width: 300px) 100vw, 300px\" \/><\/p>\n","protected":false},"excerpt":{"rendered":"<p>Lamentablemente, el Encuentro de familias ignacianas que estaba programado para este domingo 20 de octubre en el balneario municipal de la laguna chica, ha sido cancelado debido a que las condiciones clim\u00e1ticas proyectadas para ese d\u00eda no permitir\u00edan las actividades previstas. Esto no ser\u00e1 impedimento para encontrarnos en la Misa Familiar en la capilla de&hellip;<\/p>\n","protected":false},"author":1,"featured_media":0,"comment_status":"closed","ping_status":"closed","sticky":false,"template":"","format":"standard","meta":[],"categories":[3],"tags":[],"_links":{"self":[{"href":"http:\/\/sanignacioconcepcion.cl\/sitio\/wp-json\/wp\/v2\/posts\/8957"}],"collection":[{"href":"http:\/\/sanignacioconcepcion.cl\/sitio\/wp-json\/wp\/v2\/posts"}],"about":[{"href":"http:\/\/sanignacioconcepcion.cl\/sitio\/wp-json\/wp\/v2\/types\/post"}],"author":[{"embeddable":true,"href":"http:\/\/sanignacioconcepcion.cl\/sitio\/wp-json\/wp\/v2\/users\/1"}],"replies":[{"embeddable":true,"href":"http:\/\/sanignacioconcepcion.cl\/sitio\/wp-json\/wp\/v2\/comments?post=8957"}],"version-history":[{"count":1,"href":"http:\/\/sanignacioconcepcion.cl\/sitio\/wp-json\/wp\/v2\/posts\/8957\/revisions"}],"predecessor-version":[{"id":8959,"href":"http:\/\/sanignacioconcepcion.cl\/sitio\/wp-json\/wp\/v2\/posts\/8957\/revisions\/8959"}],"wp:attachment":[{"href":"http:\/\/sanignacioconcepcion.cl\/sitio\/wp-json\/wp\/v2\/media?parent=8957"}],"wp:term":[{"taxonomy":"category","embeddable":true,"href":"http:\/\/sanignacioconcepcion.cl\/sitio\/wp-json\/wp\/v2\/categories?post=8957"},{"taxonomy":"post_tag","embeddable":true,"href":"http:\/\/sanignacioconcepcion.cl\/sitio\/wp-json\/wp\/v2\/tags?post=8957"}],"curies":[{"name":"wp","href":"https:\/\/api.w.org\/{rel}","templated":true}]}}