{"id":9043,"date":"2024-10-21T15:46:11","date_gmt":"2024-10-21T18:46:11","guid":{"rendered":"http:\/\/sanignacioconcepcion.cl\/sitio\/?p=9043"},"modified":"2024-10-21T15:46:11","modified_gmt":"2024-10-21T18:46:11","slug":"xvii-feria-cientifica-en-el-colegio-san-ignacio","status":"publish","type":"post","link":"http:\/\/sanignacioconcepcion.cl\/sitio\/xvii-feria-cientifica-en-el-colegio-san-ignacio\/","title":{"rendered":"XVII Feria Cient\u00edfica en el Colegio San Ignacio"},"content":{"rendered":"<p>El pasado martes se llev\u00f3 a cabo la XVII versi\u00f3n de la Feria Cient\u00edfica en el Colegio San Ignacio, un evento que este a\u00f1o adopt\u00f3 un nuevo formato. Los estudiantes del ciclo Roma (ense\u00f1anza media) presentaron sus investigaciones en diversos stands, ubicados principalmente en laboratorios y salas. All\u00ed compartieron sus observaciones y resultados con los estudiantes de los ciclos Loyola y Manresa (desde prek\u00ednder hasta 6\u00ba b\u00e1sico).<\/p>\n<p>Durante la feria, los visitantes pudieron conocer investigaciones y experimentos desarrollados a lo largo del a\u00f1o, entre ellos destacaron: \u00abPropagaci\u00f3n del sonido\u00bb (c\u00f3mo viaja el sonido), \u00abPictogramas de seguridad en el laboratorio\u00bb, \u00abLa olla de papel\u00bb (transferencia de calor), \u00ab\u00bfQu\u00e9 es la rob\u00f3tica?\u00bb, entre otros. Adem\u00e1s, los\/las estudiantes tuvieron la oportunidad de hacer una observaci\u00f3n astron\u00f3mica de la galaxia, lo que agreg\u00f3 una dimensi\u00f3n m\u00e1s amplia a la jornada.<\/p>\n<p>Este evento busca promover en los estudiantes habilidades para la indagaci\u00f3n, expresi\u00f3n y comunicaci\u00f3n, fomentando la investigaci\u00f3n a trav\u00e9s de las metodolog\u00edas propias de cada ciencia. Fue un d\u00eda lleno de aprendizaje y curiosidad, en el que tanto estudiantes como educadores disfrutaron de la oportunidad de explorar y compartir conocimientos.<\/p>\n<p>El evento fue organizado por el Departamento de Ciencias, con el apoyo de un comprometido equipo de estudiantes, quienes contribuyeron al \u00e9xito de esta enriquecedora experiencia. <a href=\"https:\/\/photos.app.goo.gl\/KZYfXtSxHFuqRntc9\">ver fotos<\/a><\/p>\n","protected":false},"excerpt":{"rendered":"<p>El pasado martes se llev\u00f3 a cabo la XVII versi\u00f3n de la Feria Cient\u00edfica en el Colegio San Ignacio, un evento que este a\u00f1o adopt\u00f3 un nuevo formato. Los estudiantes del ciclo Roma (ense\u00f1anza media) presentaron sus investigaciones en diversos stands, ubicados principalmente en laboratorios y salas. All\u00ed compartieron sus observaciones y resultados con los&hellip;<\/p>\n","protected":false},"author":1,"featured_media":9044,"comment_status":"closed","ping_status":"closed","sticky":false,"template":"","format":"standard","meta":[],"categories":[4],"tags":[],"_links":{"self":[{"href":"http:\/\/sanignacioconcepcion.cl\/sitio\/wp-json\/wp\/v2\/posts\/9043"}],"collection":[{"href":"http:\/\/sanignacioconcepcion.cl\/sitio\/wp-json\/wp\/v2\/posts"}],"about":[{"href":"http:\/\/sanignacioconcepcion.cl\/sitio\/wp-json\/wp\/v2\/types\/post"}],"author":[{"embeddable":true,"href":"http:\/\/sanignacioconcepcion.cl\/sitio\/wp-json\/wp\/v2\/users\/1"}],"replies":[{"embeddable":true,"href":"http:\/\/sanignacioconcepcion.cl\/sitio\/wp-json\/wp\/v2\/comments?post=9043"}],"version-history":[{"count":1,"href":"http:\/\/sanignacioconcepcion.cl\/sitio\/wp-json\/wp\/v2\/posts\/9043\/revisions"}],"predecessor-version":[{"id":9045,"href":"http:\/\/sanignacioconcepcion.cl\/sitio\/wp-json\/wp\/v2\/posts\/9043\/revisions\/9045"}],"wp:featuredmedia":[{"embeddable":true,"href":"http:\/\/sanignacioconcepcion.cl\/sitio\/wp-json\/wp\/v2\/media\/9044"}],"wp:attachment":[{"href":"http:\/\/sanignacioconcepcion.cl\/sitio\/wp-json\/wp\/v2\/media?parent=9043"}],"wp:term":[{"taxonomy":"category","embeddable":true,"href":"http:\/\/sanignacioconcepcion.cl\/sitio\/wp-json\/wp\/v2\/categories?post=9043"},{"taxonomy":"post_tag","embeddable":true,"href":"http:\/\/sanignacioconcepcion.cl\/sitio\/wp-json\/wp\/v2\/tags?post=9043"}],"curies":[{"name":"wp","href":"https:\/\/api.w.org\/{rel}","templated":true}]}}