{"id":9046,"date":"2024-10-21T15:49:38","date_gmt":"2024-10-21T18:49:38","guid":{"rendered":"http:\/\/sanignacioconcepcion.cl\/sitio\/?p=9046"},"modified":"2024-10-21T16:53:06","modified_gmt":"2024-10-21T19:53:06","slug":"feria-de-ciencias-del-ciclo-loyola","status":"publish","type":"post","link":"http:\/\/sanignacioconcepcion.cl\/sitio\/feria-de-ciencias-del-ciclo-loyola\/","title":{"rendered":"Feria de Ciencias del Ciclo Loyola"},"content":{"rendered":"<p>El pasado viernes disfrutamos de una jornada de conocimiento en la Feria de Ciencias del Ciclo Loyola, donde nuestros\/as estudiantes exhibieron los resultados de sus experimentos e investigaciones, basados en lo trabajado durante el a\u00f1o en la asignatura. Los stands, que contaron con la valiosa colaboraci\u00f3n de apoderados, presentaron proyectos como: \u00abEl m\u00e9todo cient\u00edfico\u00bb, \u00abEl globo el\u00e9ctrico\u00bb, \u00abLas estaciones del a\u00f1o\u00bb, y \u00ab\u00bfQu\u00e9 sabemos de la diabetes?\u00bb, entre otros.<\/p>\n<p>La feria fue visitada por el resto de los compa\u00f1eros\/as del ciclo, quienes pudieron aprender de cada presentaci\u00f3n. Adem\u00e1s, cinco estudiantes de 1\u00ba medio participaron de manera especial, presentando una serie de experimentos que enriquecieron a\u00fan m\u00e1s la jornada.<\/p>\n<p>Fue un espacio donde el entusiasmo por la ciencia se vivi\u00f3 en cada rinc\u00f3n, reafirmando el compromiso de nuestros estudiantes con el aprendizaje y la investigaci\u00f3n. <a href=\"https:\/\/photos.app.goo.gl\/HoaUNEFZTELr9Vqp8\">ver fotos<\/a><\/p>\n","protected":false},"excerpt":{"rendered":"<p>El pasado viernes disfrutamos de una jornada de conocimiento en la Feria de Ciencias del Ciclo Loyola, donde nuestros\/as estudiantes exhibieron los resultados de sus experimentos e investigaciones, basados en lo trabajado durante el a\u00f1o en la asignatura. Los stands, que contaron con la valiosa colaboraci\u00f3n de apoderados, presentaron proyectos como: \u00abEl m\u00e9todo cient\u00edfico\u00bb, \u00abEl&hellip;<\/p>\n","protected":false},"author":1,"featured_media":9054,"comment_status":"closed","ping_status":"closed","sticky":false,"template":"","format":"standard","meta":[],"categories":[4],"tags":[],"_links":{"self":[{"href":"http:\/\/sanignacioconcepcion.cl\/sitio\/wp-json\/wp\/v2\/posts\/9046"}],"collection":[{"href":"http:\/\/sanignacioconcepcion.cl\/sitio\/wp-json\/wp\/v2\/posts"}],"about":[{"href":"http:\/\/sanignacioconcepcion.cl\/sitio\/wp-json\/wp\/v2\/types\/post"}],"author":[{"embeddable":true,"href":"http:\/\/sanignacioconcepcion.cl\/sitio\/wp-json\/wp\/v2\/users\/1"}],"replies":[{"embeddable":true,"href":"http:\/\/sanignacioconcepcion.cl\/sitio\/wp-json\/wp\/v2\/comments?post=9046"}],"version-history":[{"count":2,"href":"http:\/\/sanignacioconcepcion.cl\/sitio\/wp-json\/wp\/v2\/posts\/9046\/revisions"}],"predecessor-version":[{"id":9055,"href":"http:\/\/sanignacioconcepcion.cl\/sitio\/wp-json\/wp\/v2\/posts\/9046\/revisions\/9055"}],"wp:featuredmedia":[{"embeddable":true,"href":"http:\/\/sanignacioconcepcion.cl\/sitio\/wp-json\/wp\/v2\/media\/9054"}],"wp:attachment":[{"href":"http:\/\/sanignacioconcepcion.cl\/sitio\/wp-json\/wp\/v2\/media?parent=9046"}],"wp:term":[{"taxonomy":"category","embeddable":true,"href":"http:\/\/sanignacioconcepcion.cl\/sitio\/wp-json\/wp\/v2\/categories?post=9046"},{"taxonomy":"post_tag","embeddable":true,"href":"http:\/\/sanignacioconcepcion.cl\/sitio\/wp-json\/wp\/v2\/tags?post=9046"}],"curies":[{"name":"wp","href":"https:\/\/api.w.org\/{rel}","templated":true}]}}