{"id":9048,"date":"2024-10-21T16:06:33","date_gmt":"2024-10-21T19:06:33","guid":{"rendered":"http:\/\/sanignacioconcepcion.cl\/sitio\/?p=9048"},"modified":"2024-10-21T16:59:22","modified_gmt":"2024-10-21T19:59:22","slug":"estudiantes-de-kinder-visitan-a-las-carmelitas-descalzas-un-encuentro-con-la-fe-y-la-devocion","status":"publish","type":"post","link":"http:\/\/sanignacioconcepcion.cl\/sitio\/estudiantes-de-kinder-visitan-a-las-carmelitas-descalzas-un-encuentro-con-la-fe-y-la-devocion\/","title":{"rendered":"Estudiantes de Kinder visitan a las Carmelitas Descalzas: Un encuentro con la fe y la devoci\u00f3n"},"content":{"rendered":"<p>En una significativa jornada de espiritualidad, los estudiantes de nivel Kinder de nuestro colegio, visitaron el monasterio de las Carmelitas Descalzas, donde vivieron una experiencia profunda de fe y devoci\u00f3n. La actividad, acompa\u00f1ada y guiada por el Padre Juan Pablo Moyano SJ y la Coordinadora de Pastoral del Ciclo, Srta. Escarlett Jelves, tuvo como objetivos principales fomentar la devoci\u00f3n a la Virgen Mar\u00eda, ense\u00f1ar la importancia de la vida contemplativa y fortalecer el sentido de comunidad cristiana.<\/p>\n<p>Durante la visita, los ni\u00f1os y ni\u00f1as recibieron el escapulario de manos de las hermanas, un s\u00edmbolo del cuidado maternal de la Virgen Mar\u00eda, lo que busc\u00f3 sembrar en ellos la devoci\u00f3n mariana desde una temprana edad. Adem\u00e1s, conocieron la vida de oraci\u00f3n y silencio que caracteriza a las Carmelitas Descalzas, quienes dedican su vida a Dios, ayudando a los ni\u00f1os a valorar el recogimiento y la oraci\u00f3n en su propia vida espiritual.<\/p>\n<p>El encuentro tambi\u00e9n brind\u00f3 la oportunidad de interactuar con las religiosas a trav\u00e9s de cantos y preguntas, generando un espacio de comunidad y respeto. Los ni\u00f1os aprendieron el valor del silencio y la reverencia en lugares sagrados, profundizando su conexi\u00f3n con la fe en un ambiente de recogimiento y devoci\u00f3n.<\/p>\n<p>Esta hermosa actividad no solo fortaleci\u00f3 la espiritualidad de los peque\u00f1os, sino que tambi\u00e9n les permiti\u00f3 experimentar de manera vivencial lo que significa la vida de oraci\u00f3n y servicio al pr\u00f3jimo, gui\u00e1ndolos en su camino de fe. <a href=\"https:\/\/photos.app.goo.gl\/CXQ2jEUS53NWyxri8\">ver fotos<\/a><\/p>\n","protected":false},"excerpt":{"rendered":"<p>En una significativa jornada de espiritualidad, los estudiantes de nivel Kinder de nuestro colegio, visitaron el monasterio de las Carmelitas Descalzas, donde vivieron una experiencia profunda de fe y devoci\u00f3n. La actividad, acompa\u00f1ada y guiada por el Padre Juan Pablo Moyano SJ y la Coordinadora de Pastoral del Ciclo, Srta. Escarlett Jelves, tuvo como objetivos&hellip;<\/p>\n","protected":false},"author":1,"featured_media":9049,"comment_status":"closed","ping_status":"closed","sticky":false,"template":"","format":"standard","meta":[],"categories":[4],"tags":[],"_links":{"self":[{"href":"http:\/\/sanignacioconcepcion.cl\/sitio\/wp-json\/wp\/v2\/posts\/9048"}],"collection":[{"href":"http:\/\/sanignacioconcepcion.cl\/sitio\/wp-json\/wp\/v2\/posts"}],"about":[{"href":"http:\/\/sanignacioconcepcion.cl\/sitio\/wp-json\/wp\/v2\/types\/post"}],"author":[{"embeddable":true,"href":"http:\/\/sanignacioconcepcion.cl\/sitio\/wp-json\/wp\/v2\/users\/1"}],"replies":[{"embeddable":true,"href":"http:\/\/sanignacioconcepcion.cl\/sitio\/wp-json\/wp\/v2\/comments?post=9048"}],"version-history":[{"count":3,"href":"http:\/\/sanignacioconcepcion.cl\/sitio\/wp-json\/wp\/v2\/posts\/9048\/revisions"}],"predecessor-version":[{"id":9058,"href":"http:\/\/sanignacioconcepcion.cl\/sitio\/wp-json\/wp\/v2\/posts\/9048\/revisions\/9058"}],"wp:featuredmedia":[{"embeddable":true,"href":"http:\/\/sanignacioconcepcion.cl\/sitio\/wp-json\/wp\/v2\/media\/9049"}],"wp:attachment":[{"href":"http:\/\/sanignacioconcepcion.cl\/sitio\/wp-json\/wp\/v2\/media?parent=9048"}],"wp:term":[{"taxonomy":"category","embeddable":true,"href":"http:\/\/sanignacioconcepcion.cl\/sitio\/wp-json\/wp\/v2\/categories?post=9048"},{"taxonomy":"post_tag","embeddable":true,"href":"http:\/\/sanignacioconcepcion.cl\/sitio\/wp-json\/wp\/v2\/tags?post=9048"}],"curies":[{"name":"wp","href":"https:\/\/api.w.org\/{rel}","templated":true}]}}