{"id":9051,"date":"2024-10-21T16:10:15","date_gmt":"2024-10-21T19:10:15","guid":{"rendered":"http:\/\/sanignacioconcepcion.cl\/sitio\/?p=9051"},"modified":"2024-10-21T16:57:16","modified_gmt":"2024-10-21T19:57:16","slug":"misa-de-la-comunidad-celebracion-del-mes-de-la-familia-con-bendicion-a-los-abuelos","status":"publish","type":"post","link":"http:\/\/sanignacioconcepcion.cl\/sitio\/misa-de-la-comunidad-celebracion-del-mes-de-la-familia-con-bendicion-a-los-abuelos\/","title":{"rendered":"Misa de la Comunidad: Celebraci\u00f3n del Mes de la Familia con Bendici\u00f3n a los Abuelos"},"content":{"rendered":"<p>Este domingo celebramos con alegr\u00eda nuestra Misa de la Comunidad, en el marco del Mes de la Familia. En esta ocasi\u00f3n especial, invitamos a los abuelos y abuelas de nuestra comunidad para recibir una bendici\u00f3n dedicada a ellos, reconociendo con gratitud su incansable labor. Pedimos a Dios que derrame sobre ellos una bendici\u00f3n especial.<\/p>\n<p>Durante la homil\u00eda, nuestro capell\u00e1n, Juan Pablo Moyano SJ, nos anim\u00f3 a ser emp\u00e1ticos y generosos, record\u00e1ndonos que \u00abno se trata tanto de uno mismo, sino del otro. Aprendamos de Jes\u00fas. Muchas veces, los abuelos y abuelas nos ense\u00f1an el valor de la familia a trav\u00e9s de sus hijos y nietos, y su felicidad est\u00e1 en verlos bien\u00bb, se\u00f1al\u00f3.<\/p>\n<p>Tambi\u00e9n se invit\u00f3 a los asistentes a expresar su cari\u00f1o a trav\u00e9s de una tarjeta, donde los m\u00e1s peque\u00f1os escribieron los nombres de sus abuelos o familiares, y en casa se sugiri\u00f3 pegar una fotograf\u00eda familiar.<\/p>\n<p>Al finalizar la misa, se invit\u00f3 a todos a disfrutar de un momento fraterno, acompa\u00f1ado de buena m\u00fasica, fortaleciendo los lazos que nos unen como comunidad. Agradecemos al Centro de Padres por su constante colaboraci\u00f3n. <a href=\"https:\/\/photos.app.goo.gl\/4KwM1QzWngyaByf39\">ver fotos<\/a><\/p>\n","protected":false},"excerpt":{"rendered":"<p>Este domingo celebramos con alegr\u00eda nuestra Misa de la Comunidad, en el marco del Mes de la Familia. En esta ocasi\u00f3n especial, invitamos a los abuelos y abuelas de nuestra comunidad para recibir una bendici\u00f3n dedicada a ellos, reconociendo con gratitud su incansable labor. Pedimos a Dios que derrame sobre ellos una bendici\u00f3n especial. Durante&hellip;<\/p>\n","protected":false},"author":1,"featured_media":9052,"comment_status":"closed","ping_status":"closed","sticky":false,"template":"","format":"standard","meta":[],"categories":[4],"tags":[],"_links":{"self":[{"href":"http:\/\/sanignacioconcepcion.cl\/sitio\/wp-json\/wp\/v2\/posts\/9051"}],"collection":[{"href":"http:\/\/sanignacioconcepcion.cl\/sitio\/wp-json\/wp\/v2\/posts"}],"about":[{"href":"http:\/\/sanignacioconcepcion.cl\/sitio\/wp-json\/wp\/v2\/types\/post"}],"author":[{"embeddable":true,"href":"http:\/\/sanignacioconcepcion.cl\/sitio\/wp-json\/wp\/v2\/users\/1"}],"replies":[{"embeddable":true,"href":"http:\/\/sanignacioconcepcion.cl\/sitio\/wp-json\/wp\/v2\/comments?post=9051"}],"version-history":[{"count":2,"href":"http:\/\/sanignacioconcepcion.cl\/sitio\/wp-json\/wp\/v2\/posts\/9051\/revisions"}],"predecessor-version":[{"id":9056,"href":"http:\/\/sanignacioconcepcion.cl\/sitio\/wp-json\/wp\/v2\/posts\/9051\/revisions\/9056"}],"wp:featuredmedia":[{"embeddable":true,"href":"http:\/\/sanignacioconcepcion.cl\/sitio\/wp-json\/wp\/v2\/media\/9052"}],"wp:attachment":[{"href":"http:\/\/sanignacioconcepcion.cl\/sitio\/wp-json\/wp\/v2\/media?parent=9051"}],"wp:term":[{"taxonomy":"category","embeddable":true,"href":"http:\/\/sanignacioconcepcion.cl\/sitio\/wp-json\/wp\/v2\/categories?post=9051"},{"taxonomy":"post_tag","embeddable":true,"href":"http:\/\/sanignacioconcepcion.cl\/sitio\/wp-json\/wp\/v2\/tags?post=9051"}],"curies":[{"name":"wp","href":"https:\/\/api.w.org\/{rel}","templated":true}]}}