{"id":9093,"date":"2024-10-29T13:48:24","date_gmt":"2024-10-29T16:48:24","guid":{"rendered":"http:\/\/sanignacioconcepcion.cl\/sitio\/?p=9093"},"modified":"2024-10-29T13:48:24","modified_gmt":"2024-10-29T16:48:24","slug":"encuentro-anual-de-directores-as-y-capellanes-en-osorno","status":"publish","type":"post","link":"http:\/\/sanignacioconcepcion.cl\/sitio\/encuentro-anual-de-directores-as-y-capellanes-en-osorno\/","title":{"rendered":"Encuentro anual de Directores\/as y Capellanes en Osorno"},"content":{"rendered":"<p>Los d\u00edas 24 y 25 de octubre, se llev\u00f3 a cabo en Osorno el encuentro anual de directores\/as y capellanes de los seis colegios jesuitas de pago. La jornada, enfocada en la reflexi\u00f3n conjunta y el trabajo en red, abord\u00f3 temas clave con miras a fortalecer los desaf\u00edos institucionales hacia el 2025.<\/p>\n<p>Durante el encuentro, cada colegio tuvo la oportunidad de presentar sus desaf\u00edos y temas prioritarios, lo que permiti\u00f3 identificar \u00e1reas de inter\u00e9s com\u00fan. Estos temas desafiantes fueron el punto de partida para una reflexi\u00f3n profunda y el intercambio de miradas y propuestas, con el objetivo de que la red de colegios pueda contribuir de manera activa y coordinada en el fortalecimiento de las instituciones.<\/p>\n<p>La instancia se destac\u00f3 como una valiosa oportunidad de encuentro, di\u00e1logo y colaboraci\u00f3n para seguir construyendo una educaci\u00f3n que no solo enfrente los retos actuales, sino que tambi\u00e9n promueva una formaci\u00f3n integral en la comunidad escolar jesuita en Chile.<\/p>\n","protected":false},"excerpt":{"rendered":"<p>Los d\u00edas 24 y 25 de octubre, se llev\u00f3 a cabo en Osorno el encuentro anual de directores\/as y capellanes de los seis colegios jesuitas de pago. La jornada, enfocada en la reflexi\u00f3n conjunta y el trabajo en red, abord\u00f3 temas clave con miras a fortalecer los desaf\u00edos institucionales hacia el 2025. Durante el encuentro,&hellip;<\/p>\n","protected":false},"author":1,"featured_media":9094,"comment_status":"closed","ping_status":"closed","sticky":false,"template":"","format":"standard","meta":[],"categories":[4],"tags":[],"_links":{"self":[{"href":"http:\/\/sanignacioconcepcion.cl\/sitio\/wp-json\/wp\/v2\/posts\/9093"}],"collection":[{"href":"http:\/\/sanignacioconcepcion.cl\/sitio\/wp-json\/wp\/v2\/posts"}],"about":[{"href":"http:\/\/sanignacioconcepcion.cl\/sitio\/wp-json\/wp\/v2\/types\/post"}],"author":[{"embeddable":true,"href":"http:\/\/sanignacioconcepcion.cl\/sitio\/wp-json\/wp\/v2\/users\/1"}],"replies":[{"embeddable":true,"href":"http:\/\/sanignacioconcepcion.cl\/sitio\/wp-json\/wp\/v2\/comments?post=9093"}],"version-history":[{"count":1,"href":"http:\/\/sanignacioconcepcion.cl\/sitio\/wp-json\/wp\/v2\/posts\/9093\/revisions"}],"predecessor-version":[{"id":9095,"href":"http:\/\/sanignacioconcepcion.cl\/sitio\/wp-json\/wp\/v2\/posts\/9093\/revisions\/9095"}],"wp:featuredmedia":[{"embeddable":true,"href":"http:\/\/sanignacioconcepcion.cl\/sitio\/wp-json\/wp\/v2\/media\/9094"}],"wp:attachment":[{"href":"http:\/\/sanignacioconcepcion.cl\/sitio\/wp-json\/wp\/v2\/media?parent=9093"}],"wp:term":[{"taxonomy":"category","embeddable":true,"href":"http:\/\/sanignacioconcepcion.cl\/sitio\/wp-json\/wp\/v2\/categories?post=9093"},{"taxonomy":"post_tag","embeddable":true,"href":"http:\/\/sanignacioconcepcion.cl\/sitio\/wp-json\/wp\/v2\/tags?post=9093"}],"curies":[{"name":"wp","href":"https:\/\/api.w.org\/{rel}","templated":true}]}}