{"id":9096,"date":"2024-10-29T13:53:10","date_gmt":"2024-10-29T16:53:10","guid":{"rendered":"http:\/\/sanignacioconcepcion.cl\/sitio\/?p=9096"},"modified":"2024-10-29T13:53:10","modified_gmt":"2024-10-29T16:53:10","slug":"gran-participacion-en-taller-creando-puentes-orientaciones-para-hablar-de-sexualidad-con-nuestros-hijos","status":"publish","type":"post","link":"http:\/\/sanignacioconcepcion.cl\/sitio\/gran-participacion-en-taller-creando-puentes-orientaciones-para-hablar-de-sexualidad-con-nuestros-hijos\/","title":{"rendered":"Gran participaci\u00f3n en taller \u201cCreando puentes: orientaciones para hablar de sexualidad con nuestros hijos\u201d"},"content":{"rendered":"<p>El pasado martes 22 de octubre, el Ciclo Manresa organiz\u00f3 un taller especial para padres y madres de estudiantes de 5\u00ba y 6\u00ba b\u00e1sicos, titulado \u201cCreando puentes: orientaciones para hablar de sexualidad con nuestros hijos\u201d. La actividad, que tuvo gran participaci\u00f3n de los\/las apoderados, estuvo liderada por la psic\u00f3loga Carolina Hern\u00e1ndez, especialista de la Universidad de Concepci\u00f3n, quien abord\u00f3 temas clave sobre los cambios f\u00edsicos y emocionales que se presentan en la pre-adolescencia y adolescencia.<\/p>\n<p>El encuentro busc\u00f3 entregar herramientas espec\u00edficas para que las familias puedan acompa\u00f1ar y orientar a sus hijos e hijas en un desarrollo psicosexual saludable, a trav\u00e9s de una base de confianza y aceptaci\u00f3n. Entre los temas abordados, destacaron los siguientes:<\/p>\n<ul>\n<li>Cambios f\u00edsicos y emocionales en el ciclo vital.<\/li>\n<li>Dimensiones de la sexualidad: biol\u00f3gica, psicol\u00f3gica y social.<\/li>\n<li>El papel de la comunicaci\u00f3n y el apoyo familiar en el desarrollo sexual saludable.<\/li>\n<li>Construcci\u00f3n de confianza y aceptaci\u00f3n ante la diversidad sexual.<\/li>\n<\/ul>\n<p>La charla subray\u00f3 la importancia de la familia como pilar fundamental para el desarrollo integral de los j\u00f3venes, promoviendo una comunicaci\u00f3n abierta y comprensiva que permita a los adolescentes explorar sus cambios con seguridad y respeto. <a href=\"https:\/\/photos.app.goo.gl\/iZq5oBPQYKSFLE2V8\">ver fotos<\/a><\/p>\n","protected":false},"excerpt":{"rendered":"<p>El pasado martes 22 de octubre, el Ciclo Manresa organiz\u00f3 un taller especial para padres y madres de estudiantes de 5\u00ba y 6\u00ba b\u00e1sicos, titulado \u201cCreando puentes: orientaciones para hablar de sexualidad con nuestros hijos\u201d. La actividad, que tuvo gran participaci\u00f3n de los\/las apoderados, estuvo liderada por la psic\u00f3loga Carolina Hern\u00e1ndez, especialista de la Universidad&hellip;<\/p>\n","protected":false},"author":1,"featured_media":9097,"comment_status":"closed","ping_status":"closed","sticky":false,"template":"","format":"standard","meta":[],"categories":[4],"tags":[],"_links":{"self":[{"href":"http:\/\/sanignacioconcepcion.cl\/sitio\/wp-json\/wp\/v2\/posts\/9096"}],"collection":[{"href":"http:\/\/sanignacioconcepcion.cl\/sitio\/wp-json\/wp\/v2\/posts"}],"about":[{"href":"http:\/\/sanignacioconcepcion.cl\/sitio\/wp-json\/wp\/v2\/types\/post"}],"author":[{"embeddable":true,"href":"http:\/\/sanignacioconcepcion.cl\/sitio\/wp-json\/wp\/v2\/users\/1"}],"replies":[{"embeddable":true,"href":"http:\/\/sanignacioconcepcion.cl\/sitio\/wp-json\/wp\/v2\/comments?post=9096"}],"version-history":[{"count":1,"href":"http:\/\/sanignacioconcepcion.cl\/sitio\/wp-json\/wp\/v2\/posts\/9096\/revisions"}],"predecessor-version":[{"id":9098,"href":"http:\/\/sanignacioconcepcion.cl\/sitio\/wp-json\/wp\/v2\/posts\/9096\/revisions\/9098"}],"wp:featuredmedia":[{"embeddable":true,"href":"http:\/\/sanignacioconcepcion.cl\/sitio\/wp-json\/wp\/v2\/media\/9097"}],"wp:attachment":[{"href":"http:\/\/sanignacioconcepcion.cl\/sitio\/wp-json\/wp\/v2\/media?parent=9096"}],"wp:term":[{"taxonomy":"category","embeddable":true,"href":"http:\/\/sanignacioconcepcion.cl\/sitio\/wp-json\/wp\/v2\/categories?post=9096"},{"taxonomy":"post_tag","embeddable":true,"href":"http:\/\/sanignacioconcepcion.cl\/sitio\/wp-json\/wp\/v2\/tags?post=9096"}],"curies":[{"name":"wp","href":"https:\/\/api.w.org\/{rel}","templated":true}]}}