{"id":9107,"date":"2024-10-28T17:22:41","date_gmt":"2024-10-28T20:22:41","guid":{"rendered":"http:\/\/sanignacioconcepcion.cl\/sitio\/?p=9107"},"modified":"2024-10-29T17:28:37","modified_gmt":"2024-10-29T20:28:37","slug":"ceremonia-de-promesas-del-movimiento-eucaristico-juvenil-mej","status":"publish","type":"post","link":"http:\/\/sanignacioconcepcion.cl\/sitio\/ceremonia-de-promesas-del-movimiento-eucaristico-juvenil-mej\/","title":{"rendered":"Ceremonia de Promesas del Movimiento Eucar\u00edstico Juvenil (MEJ)"},"content":{"rendered":"<p>El pasado s\u00e1bado 12 de octubre, en una emotiva ceremonia, se llev\u00f3 a cabo la tradicional <strong>Ceremonia de Promesas del Movimiento Eucar\u00edstico Juvenil (MEJ)<\/strong>, en la cual participaron ni\u00f1os y j\u00f3venes junto a sus familias. Este acto representa un compromiso profundo de vivir seg\u00fan el estilo de Jes\u00fas, cultivando valores cristianos y un esp\u00edritu de servicio.<\/p>\n<p>Los participantes, estudiantes desde primero b\u00e1sico hasta cuarto medio, recibieron en este significativo encuentro los s\u00edmbolos que marcan su proceso formativo dentro del MEJ. Entre estos se encuentran el pa\u00f1ol\u00edn, las chapitas y otros elementos que acompa\u00f1an y representan cada etapa en su camino de crecimiento espiritual.<\/p>\n<p>La ceremonia se vivi\u00f3 con entusiasmo y alegr\u00eda, destacando la uni\u00f3n de la comunidad y el compromiso de los j\u00f3venes por seguir los pasos de Jes\u00fas, siempre acompa\u00f1ados por el apoyo de sus familias y la gu\u00eda del movimiento. Este evento simboliza un paso importante en la formaci\u00f3n integral de cada uno de los participantes, quienes asumen su compromiso de ser un reflejo del amor y la fe en su vida diaria. <a href=\"https:\/\/photos.app.goo.gl\/NMrreHLVPHnhjDYA7\">ver fotos<\/a><\/p>\n","protected":false},"excerpt":{"rendered":"<p>El pasado s\u00e1bado 12 de octubre, en una emotiva ceremonia, se llev\u00f3 a cabo la tradicional Ceremonia de Promesas del Movimiento Eucar\u00edstico Juvenil (MEJ), en la cual participaron ni\u00f1os y j\u00f3venes junto a sus familias. Este acto representa un compromiso profundo de vivir seg\u00fan el estilo de Jes\u00fas, cultivando valores cristianos y un esp\u00edritu de&hellip;<\/p>\n","protected":false},"author":1,"featured_media":9108,"comment_status":"closed","ping_status":"closed","sticky":false,"template":"","format":"standard","meta":[],"categories":[4],"tags":[],"_links":{"self":[{"href":"http:\/\/sanignacioconcepcion.cl\/sitio\/wp-json\/wp\/v2\/posts\/9107"}],"collection":[{"href":"http:\/\/sanignacioconcepcion.cl\/sitio\/wp-json\/wp\/v2\/posts"}],"about":[{"href":"http:\/\/sanignacioconcepcion.cl\/sitio\/wp-json\/wp\/v2\/types\/post"}],"author":[{"embeddable":true,"href":"http:\/\/sanignacioconcepcion.cl\/sitio\/wp-json\/wp\/v2\/users\/1"}],"replies":[{"embeddable":true,"href":"http:\/\/sanignacioconcepcion.cl\/sitio\/wp-json\/wp\/v2\/comments?post=9107"}],"version-history":[{"count":1,"href":"http:\/\/sanignacioconcepcion.cl\/sitio\/wp-json\/wp\/v2\/posts\/9107\/revisions"}],"predecessor-version":[{"id":9109,"href":"http:\/\/sanignacioconcepcion.cl\/sitio\/wp-json\/wp\/v2\/posts\/9107\/revisions\/9109"}],"wp:featuredmedia":[{"embeddable":true,"href":"http:\/\/sanignacioconcepcion.cl\/sitio\/wp-json\/wp\/v2\/media\/9108"}],"wp:attachment":[{"href":"http:\/\/sanignacioconcepcion.cl\/sitio\/wp-json\/wp\/v2\/media?parent=9107"}],"wp:term":[{"taxonomy":"category","embeddable":true,"href":"http:\/\/sanignacioconcepcion.cl\/sitio\/wp-json\/wp\/v2\/categories?post=9107"},{"taxonomy":"post_tag","embeddable":true,"href":"http:\/\/sanignacioconcepcion.cl\/sitio\/wp-json\/wp\/v2\/tags?post=9107"}],"curies":[{"name":"wp","href":"https:\/\/api.w.org\/{rel}","templated":true}]}}