{"id":9124,"date":"2024-10-30T15:25:32","date_gmt":"2024-10-30T18:25:32","guid":{"rendered":"http:\/\/sanignacioconcepcion.cl\/sitio\/?p=9124"},"modified":"2024-11-04T15:48:07","modified_gmt":"2024-11-04T18:48:07","slug":"estudiantes-de-electivo-economia-y-sociedad-participan-de-charla-sobre-reforma-tributaria-e-impuestos","status":"publish","type":"post","link":"http:\/\/sanignacioconcepcion.cl\/sitio\/estudiantes-de-electivo-economia-y-sociedad-participan-de-charla-sobre-reforma-tributaria-e-impuestos\/","title":{"rendered":"Estudiantes de electivo Econom\u00eda y Sociedad participan de charla sobre Reforma Tributaria e impuestos"},"content":{"rendered":"<p>La semana pasada, los estudiantes de Terceros y Cuartos Medios del electivo Econom\u00eda y Sociedad del Colegio San Ignacio participaron en una charla educativa centrada en temas clave de la Reforma Tributaria, as\u00ed como en el cumplimiento y la relevancia de los impuestos. La actividad fue dirigida por la apoderada Sandra Z\u00fa\u00f1iga, contadora auditora y mag\u00edster en tributaci\u00f3n, quien comparti\u00f3 su experiencia en temas de legislaci\u00f3n fiscal y cultura tributaria.<\/p>\n<p>Durante la charla, Sandra Z\u00fa\u00f1iga abord\u00f3 diversos temas, como los tipos de impuestos, la diferencia entre contribuyentes de primera y segunda categor\u00eda, el alcance de cada uno y los impuestos que pagamos como ciudadanos. Tambi\u00e9n explic\u00f3 la nueva ley sobre cumplimiento tributario, destacando su prop\u00f3sito de combatir la evasi\u00f3n y reforzar la transparencia fiscal en el pa\u00eds.<\/p>\n<p>\u201cMi objetivo con esta charla es que los adolescentes comprendan la importancia de los impuestos, desde lo m\u00e1s b\u00e1sico hasta su utilidad en el progreso del pa\u00eds,\u201d coment\u00f3 Sandra Z\u00fa\u00f1iga. \u201cQuiero que se hagan conscientes de esta informaci\u00f3n para que, en el futuro, puedan ser garantes del cumplimiento tributario y contribuyan al avance de la sociedad\u201d.<\/p>\n<p>A trav\u00e9s de esta actividad, los estudiantes han podido profundizar en los contenidos de la asignatura, conectando la teor\u00eda con aplicaciones reales y comprendiendo el rol de la tributaci\u00f3n. <a href=\"https:\/\/photos.app.goo.gl\/k2qVrja1opESLWsw5\">ver fotos<\/a><\/p>\n","protected":false},"excerpt":{"rendered":"<p>La semana pasada, los estudiantes de Terceros y Cuartos Medios del electivo Econom\u00eda y Sociedad del Colegio San Ignacio participaron en una charla educativa centrada en temas clave de la Reforma Tributaria, as\u00ed como en el cumplimiento y la relevancia de los impuestos. La actividad fue dirigida por la apoderada Sandra Z\u00fa\u00f1iga, contadora auditora y&hellip;<\/p>\n","protected":false},"author":1,"featured_media":9125,"comment_status":"closed","ping_status":"closed","sticky":false,"template":"","format":"standard","meta":[],"categories":[4],"tags":[],"_links":{"self":[{"href":"http:\/\/sanignacioconcepcion.cl\/sitio\/wp-json\/wp\/v2\/posts\/9124"}],"collection":[{"href":"http:\/\/sanignacioconcepcion.cl\/sitio\/wp-json\/wp\/v2\/posts"}],"about":[{"href":"http:\/\/sanignacioconcepcion.cl\/sitio\/wp-json\/wp\/v2\/types\/post"}],"author":[{"embeddable":true,"href":"http:\/\/sanignacioconcepcion.cl\/sitio\/wp-json\/wp\/v2\/users\/1"}],"replies":[{"embeddable":true,"href":"http:\/\/sanignacioconcepcion.cl\/sitio\/wp-json\/wp\/v2\/comments?post=9124"}],"version-history":[{"count":2,"href":"http:\/\/sanignacioconcepcion.cl\/sitio\/wp-json\/wp\/v2\/posts\/9124\/revisions"}],"predecessor-version":[{"id":9127,"href":"http:\/\/sanignacioconcepcion.cl\/sitio\/wp-json\/wp\/v2\/posts\/9124\/revisions\/9127"}],"wp:featuredmedia":[{"embeddable":true,"href":"http:\/\/sanignacioconcepcion.cl\/sitio\/wp-json\/wp\/v2\/media\/9125"}],"wp:attachment":[{"href":"http:\/\/sanignacioconcepcion.cl\/sitio\/wp-json\/wp\/v2\/media?parent=9124"}],"wp:term":[{"taxonomy":"category","embeddable":true,"href":"http:\/\/sanignacioconcepcion.cl\/sitio\/wp-json\/wp\/v2\/categories?post=9124"},{"taxonomy":"post_tag","embeddable":true,"href":"http:\/\/sanignacioconcepcion.cl\/sitio\/wp-json\/wp\/v2\/tags?post=9124"}],"curies":[{"name":"wp","href":"https:\/\/api.w.org\/{rel}","templated":true}]}}