{"id":9136,"date":"2024-11-10T23:28:08","date_gmt":"2024-11-11T02:28:08","guid":{"rendered":"http:\/\/sanignacioconcepcion.cl\/sitio\/?p=9136"},"modified":"2024-11-10T23:28:08","modified_gmt":"2024-11-11T02:28:08","slug":"celebracion-de-la-primera-comunion-4tos-basicos","status":"publish","type":"post","link":"http:\/\/sanignacioconcepcion.cl\/sitio\/celebracion-de-la-primera-comunion-4tos-basicos\/","title":{"rendered":"Celebraci\u00f3n de la Primera Comuni\u00f3n 4tos b\u00e1sicos"},"content":{"rendered":"<p>El s\u00e1bado pasado, nuestra comunidad se llen\u00f3 de alegr\u00eda al celebrar la Primera Comuni\u00f3n de 60 estudiantes y 3 apoderados, marcando un momento profundamente significativo en su camino espiritual. Esta ceremonia, realizada en la capilla del colegio, fue presidida por el Capell\u00e1n, P. Juan Pablo Moyano SJ, quien gui\u00f3 a los participantes en este importante sacramento.<\/p>\n<p>En su homil\u00eda, el Padre Juan Pablo invit\u00f3 a los presentes a reflexionar sobre el milagro que se hace presente en la Eucarist\u00eda. \u201cHoy va a suceder un milagro; en esta misa, el pan y el vino se transformar\u00e1n en el cuerpo y la sangre de Jes\u00fas. Participemos de este milagro. Los ni\u00f1os han preparado su propio pan, y en el retiro prepararon la hostia, poniendo algo de su esfuerzo y amor en este sacramento\u201d, expres\u00f3.<\/p>\n<p>Asimismo, el sacerdote les dirigi\u00f3 unas palabras de inspiraci\u00f3n: \u201cni\u00f1os y ni\u00f1as, despu\u00e9s de hacer su Primera Comuni\u00f3n, no se queden atr\u00e1s. Hoy tambi\u00e9n ocurrir\u00e1 otro milagro, uno a\u00fan m\u00e1s importante: la transformaci\u00f3n de nuestro coraz\u00f3n y nuestra vida. D\u00e9jense transformar por el Se\u00f1or, para que luego puedan salir a compartir sus milagros en el mundo\u201d.<\/p>\n<p>Los estudiantes se prepararon con dedicaci\u00f3n durante dos a\u00f1os en su Catequesis, y previo a la Primera Comuni\u00f3n, participaron en un retiro de preparaci\u00f3n y motivaci\u00f3n sobre la Eucarist\u00eda y el sacramento.<\/p>\n<p>La ceremonia estuvo llena de emoci\u00f3n, acompa\u00f1ados por educadores, catequistas y familiares, quienes fueron testigos de este especial momento en la vida de cada uno de los participantes.<\/p>\n<p><a href=\"https:\/\/photos.app.goo.gl\/KcjevTxiRaXKo8qq7\">Ver fotos 4B- 4C<\/a><\/p>\n<p><a href=\"https:\/\/photos.app.goo.gl\/kkEygxNEFTxHMrvM8\">Ver fotos 4A<\/a><\/p>\n","protected":false},"excerpt":{"rendered":"<p>El s\u00e1bado pasado, nuestra comunidad se llen\u00f3 de alegr\u00eda al celebrar la Primera Comuni\u00f3n de 60 estudiantes y 3 apoderados, marcando un momento profundamente significativo en su camino espiritual. Esta ceremonia, realizada en la capilla del colegio, fue presidida por el Capell\u00e1n, P. Juan Pablo Moyano SJ, quien gui\u00f3 a los participantes en este importante&hellip;<\/p>\n","protected":false},"author":1,"featured_media":9137,"comment_status":"closed","ping_status":"closed","sticky":false,"template":"","format":"standard","meta":[],"categories":[4],"tags":[],"_links":{"self":[{"href":"http:\/\/sanignacioconcepcion.cl\/sitio\/wp-json\/wp\/v2\/posts\/9136"}],"collection":[{"href":"http:\/\/sanignacioconcepcion.cl\/sitio\/wp-json\/wp\/v2\/posts"}],"about":[{"href":"http:\/\/sanignacioconcepcion.cl\/sitio\/wp-json\/wp\/v2\/types\/post"}],"author":[{"embeddable":true,"href":"http:\/\/sanignacioconcepcion.cl\/sitio\/wp-json\/wp\/v2\/users\/1"}],"replies":[{"embeddable":true,"href":"http:\/\/sanignacioconcepcion.cl\/sitio\/wp-json\/wp\/v2\/comments?post=9136"}],"version-history":[{"count":1,"href":"http:\/\/sanignacioconcepcion.cl\/sitio\/wp-json\/wp\/v2\/posts\/9136\/revisions"}],"predecessor-version":[{"id":9138,"href":"http:\/\/sanignacioconcepcion.cl\/sitio\/wp-json\/wp\/v2\/posts\/9136\/revisions\/9138"}],"wp:featuredmedia":[{"embeddable":true,"href":"http:\/\/sanignacioconcepcion.cl\/sitio\/wp-json\/wp\/v2\/media\/9137"}],"wp:attachment":[{"href":"http:\/\/sanignacioconcepcion.cl\/sitio\/wp-json\/wp\/v2\/media?parent=9136"}],"wp:term":[{"taxonomy":"category","embeddable":true,"href":"http:\/\/sanignacioconcepcion.cl\/sitio\/wp-json\/wp\/v2\/categories?post=9136"},{"taxonomy":"post_tag","embeddable":true,"href":"http:\/\/sanignacioconcepcion.cl\/sitio\/wp-json\/wp\/v2\/tags?post=9136"}],"curies":[{"name":"wp","href":"https:\/\/api.w.org\/{rel}","templated":true}]}}