{"id":9139,"date":"2024-11-10T23:31:36","date_gmt":"2024-11-11T02:31:36","guid":{"rendered":"http:\/\/sanignacioconcepcion.cl\/sitio\/?p=9139"},"modified":"2024-11-10T23:31:36","modified_gmt":"2024-11-11T02:31:36","slug":"vivimos-una-gran-fiesta-deportiva-en-la-nueva-edicion-de-la-copa-sic-de-futbol","status":"publish","type":"post","link":"http:\/\/sanignacioconcepcion.cl\/sitio\/vivimos-una-gran-fiesta-deportiva-en-la-nueva-edicion-de-la-copa-sic-de-futbol\/","title":{"rendered":"Vivimos una gran fiesta deportiva en la nueva edici\u00f3n de la Copa SIC de f\u00fatbol"},"content":{"rendered":"<p>Durante los d\u00edas 8, 9 y 10 de noviembre, nuestro Colegio fue sede de una nueva versi\u00f3n de la Copa San Ignacio de F\u00fatbol en categor\u00eda selecci\u00f3n, un evento deportivo que reuni\u00f3 a equipos de los colegios San Ignacio Alonso de Ovalle y La Misi\u00f3n de Santiago, San Javier de Puerto Montt e Instituto de Humanidades de Lota, quienes brindaron un espect\u00e1culo de gran nivel competitivo.<\/p>\n<p>La jornada inaugural incluy\u00f3 un homenaje especial para los estudiantes de 4\u00ba medio de nuestro colegio, quienes est\u00e1n por finalizar su etapa escolar y tambi\u00e9n su participaci\u00f3n en el equipo de f\u00fatbol del SIC. Este reconocimiento destac\u00f3 el compromiso, esfuerzo y compa\u00f1erismo que han mostrado durante sus a\u00f1os de formaci\u00f3n.<\/p>\n<p>El campeonato se caracteriz\u00f3 por la intensidad y la pasi\u00f3n con la que los equipos defendieron sus colores en cada encuentro. Tras un emocionante partido final que se defini\u00f3 en una tanda de penales, el equipo de San Ignacio Alonso de Ovalle se coron\u00f3 campe\u00f3n, mientras que el equipo del SIC obtuvo el segundo lugar y el colegio San Javier se qued\u00f3 con el tercer puesto.<\/p>\n<p>Los deportistas agradecieron la oportunidad de participar en un torneo de alto nivel, especialmente aquellos que tuvieron su \u00faltima experiencia en la cancha como estudiantes del SIC. Este evento tambi\u00e9n fue posible gracias al apoyo de la Directiva de Apoderados de la Rama de F\u00fatbol del colegio, quienes colaboraron en la organizaci\u00f3n, coordinaron los alojamientos, y gestionaron la log\u00edstica del kiosko y otros detalles fundamentales para el \u00e9xito de esta edici\u00f3n.<\/p>\n<p>Agradecemos profundamente a todos los que hicieron posible este campeonato, que nos deja un valioso recuerdo de compa\u00f1erismo y esp\u00edritu deportivo. <a href=\"https:\/\/photos.app.goo.gl\/dYJXB5rcRsidEnWR6\">ver fotos<\/a><\/p>\n","protected":false},"excerpt":{"rendered":"<p>Durante los d\u00edas 8, 9 y 10 de noviembre, nuestro Colegio fue sede de una nueva versi\u00f3n de la Copa San Ignacio de F\u00fatbol en categor\u00eda selecci\u00f3n, un evento deportivo que reuni\u00f3 a equipos de los colegios San Ignacio Alonso de Ovalle y La Misi\u00f3n de Santiago, San Javier de Puerto Montt e Instituto de&hellip;<\/p>\n","protected":false},"author":1,"featured_media":9140,"comment_status":"closed","ping_status":"closed","sticky":false,"template":"","format":"standard","meta":[],"categories":[4],"tags":[],"_links":{"self":[{"href":"http:\/\/sanignacioconcepcion.cl\/sitio\/wp-json\/wp\/v2\/posts\/9139"}],"collection":[{"href":"http:\/\/sanignacioconcepcion.cl\/sitio\/wp-json\/wp\/v2\/posts"}],"about":[{"href":"http:\/\/sanignacioconcepcion.cl\/sitio\/wp-json\/wp\/v2\/types\/post"}],"author":[{"embeddable":true,"href":"http:\/\/sanignacioconcepcion.cl\/sitio\/wp-json\/wp\/v2\/users\/1"}],"replies":[{"embeddable":true,"href":"http:\/\/sanignacioconcepcion.cl\/sitio\/wp-json\/wp\/v2\/comments?post=9139"}],"version-history":[{"count":1,"href":"http:\/\/sanignacioconcepcion.cl\/sitio\/wp-json\/wp\/v2\/posts\/9139\/revisions"}],"predecessor-version":[{"id":9141,"href":"http:\/\/sanignacioconcepcion.cl\/sitio\/wp-json\/wp\/v2\/posts\/9139\/revisions\/9141"}],"wp:featuredmedia":[{"embeddable":true,"href":"http:\/\/sanignacioconcepcion.cl\/sitio\/wp-json\/wp\/v2\/media\/9140"}],"wp:attachment":[{"href":"http:\/\/sanignacioconcepcion.cl\/sitio\/wp-json\/wp\/v2\/media?parent=9139"}],"wp:term":[{"taxonomy":"category","embeddable":true,"href":"http:\/\/sanignacioconcepcion.cl\/sitio\/wp-json\/wp\/v2\/categories?post=9139"},{"taxonomy":"post_tag","embeddable":true,"href":"http:\/\/sanignacioconcepcion.cl\/sitio\/wp-json\/wp\/v2\/tags?post=9139"}],"curies":[{"name":"wp","href":"https:\/\/api.w.org\/{rel}","templated":true}]}}