{"id":9142,"date":"2024-11-10T23:33:51","date_gmt":"2024-11-11T02:33:51","guid":{"rendered":"http:\/\/sanignacioconcepcion.cl\/sitio\/?p=9142"},"modified":"2024-11-10T23:34:33","modified_gmt":"2024-11-11T02:34:33","slug":"jornada-de-articulacion-de-estudiantes-de-octavos-basicos","status":"publish","type":"post","link":"http:\/\/sanignacioconcepcion.cl\/sitio\/jornada-de-articulacion-de-estudiantes-de-octavos-basicos\/","title":{"rendered":"Jornada de Articulaci\u00f3n de Estudiantes de Octavos B\u00e1sicos"},"content":{"rendered":"<p>Con el objetivo de preparar a los octavos b\u00e1sicos para formar una buena cohesi\u00f3n en los tres nuevos cursos del pr\u00f3ximo a\u00f1o, la jornada se centr\u00f3 en la <strong>reflexi\u00f3n sobre los valores ignacianos<\/strong> que promueven el desarrollo integral de nuestros estudiantes.<\/p>\n<p>En el primer bloque, los estudiantes reflexionaron sobre los valores fundamentales del perfil ignaciano, participando en din\u00e1micas grupales y actividades de autoconocimiento. Se plantearon preguntas clave como: <strong>\u00bfCu\u00e1les son los cinco valores que m\u00e1s te representan y c\u00f3mo los demuestras en tu d\u00eda a d\u00eda?<\/strong><\/p>\n<p>A lo largo de la jornada, se realizaron actividades en el patio que fomentaron el <strong>trabajo en equipo y el compa\u00f1erismo<\/strong>, consolidando v\u00ednculos entre los estudiantes.<\/p>\n<p>Esta valiosa actividad fue organizada por Equipo del Ciclo Roma, con la participaci\u00f3n de los profesores jefes de cada curso, quienes acompa\u00f1aron a los estudiantes en este importante proceso de reflexi\u00f3n y cohesi\u00f3n.<\/p>\n<p>Seguimos construyendo comunidad desde los valores y la formaci\u00f3n ignaciana. <a href=\"https:\/\/photos.app.goo.gl\/CqRU9176nM7Dfjaq5\">ver fotos<\/a><\/p>\n","protected":false},"excerpt":{"rendered":"<p>Con el objetivo de preparar a los octavos b\u00e1sicos para formar una buena cohesi\u00f3n en los tres nuevos cursos del pr\u00f3ximo a\u00f1o, la jornada se centr\u00f3 en la reflexi\u00f3n sobre los valores ignacianos que promueven el desarrollo integral de nuestros estudiantes. En el primer bloque, los estudiantes reflexionaron sobre los valores fundamentales del perfil ignaciano,&hellip;<\/p>\n","protected":false},"author":1,"featured_media":9143,"comment_status":"closed","ping_status":"closed","sticky":false,"template":"","format":"standard","meta":[],"categories":[4],"tags":[],"_links":{"self":[{"href":"http:\/\/sanignacioconcepcion.cl\/sitio\/wp-json\/wp\/v2\/posts\/9142"}],"collection":[{"href":"http:\/\/sanignacioconcepcion.cl\/sitio\/wp-json\/wp\/v2\/posts"}],"about":[{"href":"http:\/\/sanignacioconcepcion.cl\/sitio\/wp-json\/wp\/v2\/types\/post"}],"author":[{"embeddable":true,"href":"http:\/\/sanignacioconcepcion.cl\/sitio\/wp-json\/wp\/v2\/users\/1"}],"replies":[{"embeddable":true,"href":"http:\/\/sanignacioconcepcion.cl\/sitio\/wp-json\/wp\/v2\/comments?post=9142"}],"version-history":[{"count":2,"href":"http:\/\/sanignacioconcepcion.cl\/sitio\/wp-json\/wp\/v2\/posts\/9142\/revisions"}],"predecessor-version":[{"id":9145,"href":"http:\/\/sanignacioconcepcion.cl\/sitio\/wp-json\/wp\/v2\/posts\/9142\/revisions\/9145"}],"wp:featuredmedia":[{"embeddable":true,"href":"http:\/\/sanignacioconcepcion.cl\/sitio\/wp-json\/wp\/v2\/media\/9143"}],"wp:attachment":[{"href":"http:\/\/sanignacioconcepcion.cl\/sitio\/wp-json\/wp\/v2\/media?parent=9142"}],"wp:term":[{"taxonomy":"category","embeddable":true,"href":"http:\/\/sanignacioconcepcion.cl\/sitio\/wp-json\/wp\/v2\/categories?post=9142"},{"taxonomy":"post_tag","embeddable":true,"href":"http:\/\/sanignacioconcepcion.cl\/sitio\/wp-json\/wp\/v2\/tags?post=9142"}],"curies":[{"name":"wp","href":"https:\/\/api.w.org\/{rel}","templated":true}]}}