{"id":9146,"date":"2024-11-10T23:37:23","date_gmt":"2024-11-11T02:37:23","guid":{"rendered":"http:\/\/sanignacioconcepcion.cl\/sitio\/?p=9146"},"modified":"2024-11-10T23:37:23","modified_gmt":"2024-11-11T02:37:23","slug":"nuestros-cuartos-medios-vivieron-su-ultimo-dia-de-clases","status":"publish","type":"post","link":"http:\/\/sanignacioconcepcion.cl\/sitio\/nuestros-cuartos-medios-vivieron-su-ultimo-dia-de-clases\/","title":{"rendered":"\u00a1Nuestros cuartos medios vivieron su \u00faltimo d\u00eda de clases!"},"content":{"rendered":"<p>El pasado viernes, nuestros estudiantes de cuartos medios vivieron su \u00faltimo d\u00eda de clases, una jornada llena de emociones y recuerdos que quedar\u00e1n para siempre en sus corazones. Desde muy temprano, cada uno\/ de ellos\/as lleg\u00f3 junto a sus padres, reviviendo aquel primer d\u00eda de clases de hace 14 a\u00f1os.<\/p>\n<p>Fue un comienzo de d\u00eda muy emotivo, donde cada apoderado\/a acompa\u00f1\u00f3 a su hijo o hija hasta la sala de clases, compartiendo este \u00faltimo inicio escolar en un ambiente cargado de sentimientos encontrados. Rostros emocionados reflejaban el cierre de una etapa trascendental y la ilusi\u00f3n de acompa\u00f1arlos en sus nuevos desaf\u00edos.<\/p>\n<p>Luego, los padres y madres fueron invitados a un desayuno organizado con mucho cari\u00f1o por el Centro General de Padres y Madres del colegio, un espacio de convivencia y agradecimiento por estos a\u00f1os de acompa\u00f1amiento y compromiso. La jornada concluy\u00f3 con una actividad simb\u00f3lica: la firma de poleras, un recuerdo especial que cada estudiante se llevar\u00e1 como recuerdo de su paso por el colegio.<\/p>\n<p>Esta despedida marca el fin de un ciclo, pero tambi\u00e9n el inicio de un camino lleno de posibilidades y sue\u00f1os. <a href=\"https:\/\/photos.app.goo.gl\/212aRT5XoC8mH9D38\">ver fotos<\/a><\/p>\n<p>Durante esta semana, viviremos diversas actividades de finalizaci\u00f3n de nuestros 4tos medios.<\/p>\n","protected":false},"excerpt":{"rendered":"<p>El pasado viernes, nuestros estudiantes de cuartos medios vivieron su \u00faltimo d\u00eda de clases, una jornada llena de emociones y recuerdos que quedar\u00e1n para siempre en sus corazones. Desde muy temprano, cada uno\/ de ellos\/as lleg\u00f3 junto a sus padres, reviviendo aquel primer d\u00eda de clases de hace 14 a\u00f1os. Fue un comienzo de d\u00eda&hellip;<\/p>\n","protected":false},"author":1,"featured_media":9147,"comment_status":"closed","ping_status":"closed","sticky":false,"template":"","format":"standard","meta":[],"categories":[4],"tags":[],"_links":{"self":[{"href":"http:\/\/sanignacioconcepcion.cl\/sitio\/wp-json\/wp\/v2\/posts\/9146"}],"collection":[{"href":"http:\/\/sanignacioconcepcion.cl\/sitio\/wp-json\/wp\/v2\/posts"}],"about":[{"href":"http:\/\/sanignacioconcepcion.cl\/sitio\/wp-json\/wp\/v2\/types\/post"}],"author":[{"embeddable":true,"href":"http:\/\/sanignacioconcepcion.cl\/sitio\/wp-json\/wp\/v2\/users\/1"}],"replies":[{"embeddable":true,"href":"http:\/\/sanignacioconcepcion.cl\/sitio\/wp-json\/wp\/v2\/comments?post=9146"}],"version-history":[{"count":1,"href":"http:\/\/sanignacioconcepcion.cl\/sitio\/wp-json\/wp\/v2\/posts\/9146\/revisions"}],"predecessor-version":[{"id":9148,"href":"http:\/\/sanignacioconcepcion.cl\/sitio\/wp-json\/wp\/v2\/posts\/9146\/revisions\/9148"}],"wp:featuredmedia":[{"embeddable":true,"href":"http:\/\/sanignacioconcepcion.cl\/sitio\/wp-json\/wp\/v2\/media\/9147"}],"wp:attachment":[{"href":"http:\/\/sanignacioconcepcion.cl\/sitio\/wp-json\/wp\/v2\/media?parent=9146"}],"wp:term":[{"taxonomy":"category","embeddable":true,"href":"http:\/\/sanignacioconcepcion.cl\/sitio\/wp-json\/wp\/v2\/categories?post=9146"},{"taxonomy":"post_tag","embeddable":true,"href":"http:\/\/sanignacioconcepcion.cl\/sitio\/wp-json\/wp\/v2\/tags?post=9146"}],"curies":[{"name":"wp","href":"https:\/\/api.w.org\/{rel}","templated":true}]}}