{"id":9151,"date":"2024-11-11T14:34:32","date_gmt":"2024-11-11T17:34:32","guid":{"rendered":"http:\/\/sanignacioconcepcion.cl\/sitio\/?p=9151"},"modified":"2024-11-12T14:35:40","modified_gmt":"2024-11-12T17:35:40","slug":"atencion-a-publico-martes-12-nov","status":"publish","type":"post","link":"http:\/\/sanignacioconcepcion.cl\/sitio\/atencion-a-publico-martes-12-nov\/","title":{"rendered":"Atenci\u00f3n a p\u00fablico &#8211; martes 12 nov"},"content":{"rendered":"<p>Estimadas familias:<\/p>\n<p>Informamos a ustedes que la atenci\u00f3n a p\u00fablico para el martes 12 de noviembre, ser\u00e1 hasta las 16:40 horas.<\/p>\n<p>Lo anterior, por jornada de educadores.<\/p>\n<p>Agradecemos su comprensi\u00f3n.<\/p>\n<p>Convivencia Escolar SIC<\/p>\n","protected":false},"excerpt":{"rendered":"<p>Estimadas familias: Informamos a ustedes que la atenci\u00f3n a p\u00fablico para el martes 12 de noviembre, ser\u00e1 hasta las 16:40 horas. Lo anterior, por jornada de educadores. Agradecemos su comprensi\u00f3n. Convivencia Escolar SIC<\/p>\n","protected":false},"author":1,"featured_media":0,"comment_status":"closed","ping_status":"closed","sticky":false,"template":"","format":"standard","meta":[],"categories":[3],"tags":[],"_links":{"self":[{"href":"http:\/\/sanignacioconcepcion.cl\/sitio\/wp-json\/wp\/v2\/posts\/9151"}],"collection":[{"href":"http:\/\/sanignacioconcepcion.cl\/sitio\/wp-json\/wp\/v2\/posts"}],"about":[{"href":"http:\/\/sanignacioconcepcion.cl\/sitio\/wp-json\/wp\/v2\/types\/post"}],"author":[{"embeddable":true,"href":"http:\/\/sanignacioconcepcion.cl\/sitio\/wp-json\/wp\/v2\/users\/1"}],"replies":[{"embeddable":true,"href":"http:\/\/sanignacioconcepcion.cl\/sitio\/wp-json\/wp\/v2\/comments?post=9151"}],"version-history":[{"count":1,"href":"http:\/\/sanignacioconcepcion.cl\/sitio\/wp-json\/wp\/v2\/posts\/9151\/revisions"}],"predecessor-version":[{"id":9152,"href":"http:\/\/sanignacioconcepcion.cl\/sitio\/wp-json\/wp\/v2\/posts\/9151\/revisions\/9152"}],"wp:attachment":[{"href":"http:\/\/sanignacioconcepcion.cl\/sitio\/wp-json\/wp\/v2\/media?parent=9151"}],"wp:term":[{"taxonomy":"category","embeddable":true,"href":"http:\/\/sanignacioconcepcion.cl\/sitio\/wp-json\/wp\/v2\/categories?post=9151"},{"taxonomy":"post_tag","embeddable":true,"href":"http:\/\/sanignacioconcepcion.cl\/sitio\/wp-json\/wp\/v2\/tags?post=9151"}],"curies":[{"name":"wp","href":"https:\/\/api.w.org\/{rel}","templated":true}]}}