{"id":9163,"date":"2024-11-18T15:11:25","date_gmt":"2024-11-18T18:11:25","guid":{"rendered":"http:\/\/sanignacioconcepcion.cl\/sitio\/?p=9163"},"modified":"2024-11-18T15:11:25","modified_gmt":"2024-11-18T18:11:25","slug":"informacion-sobre-local-de-votacion-asistencia-a-clases-22-y-25-de-noviembre","status":"publish","type":"post","link":"http:\/\/sanignacioconcepcion.cl\/sitio\/informacion-sobre-local-de-votacion-asistencia-a-clases-22-y-25-de-noviembre\/","title":{"rendered":"Informaci\u00f3n sobre local de votaci\u00f3n &#8211; asistencia a clases 22 y 25 de noviembre"},"content":{"rendered":"<p>Estimadas familias:<\/p>\n<p>Junto con saludar, informo a ustedes que, nuestro colegio ser\u00e1 sede votaci\u00f3n, por esto es importante se\u00f1alar que con el objetivo de garantizar un proceso eleccionario seguro, responsable y transparente el Ministerio de Educaci\u00f3n junto al SERVEL han decidido que la entrega de los establecimientos que funcionar\u00e1n como local de votaci\u00f3n sea el viernes 22 a partir de las 14 horas, lo que hace posible mantener las clases, incluyendo el horario de almuerzo de los\/las estudiantes.<\/p>\n<p>Del mismo modo y considerando las caracter\u00edsticas de este proceso, el domingo 24 los establecimientos ser\u00e1n entregados a los sostenedores a las 21:00 horas, lo que permitir\u00e1 la realizaci\u00f3n de las clases de manera normal el lunes 25 de noviembre.<\/p>\n<p>Para el viernes 22, hemos tenido que ajustar el horario de almuerzo JUNAEB y de salida, que se desglosa a continuaci\u00f3n:<\/p>\n<p><strong>Ciclo Loyola:<\/strong><br \/>\nAlmuerzo de estudiantes JUNAEB (Pre K\u00ednder y k\u00ednder) 12:00 horas.<br \/>\nSalida de todos los estudiantes del ciclo: 12:35 horas.<\/p>\n<p><strong>Ciclo Manresa:<\/strong><br \/>\nAlmuerzo de estudiantes JUNAEB: 12:30 horas<br \/>\nSalida de todos los estudiantes del ciclo: 13:00 horas.<\/p>\n<p><strong>Ciclo Roma:<\/strong><br \/>\nAlmuerzo estudiantes JUNAEB: 12:30 horas.<br \/>\nSalida de todos los estudiantes del ciclo: 13:00 horas<\/p>\n<p>Los d\u00edas 22 y 23 de noviembre, ACLE ser\u00e1 suspendido.<\/p>\n<p>Les solicitamos coordinaci\u00f3n en el retiro oportuno de los\/las estudiantes.<\/p>\n<p>Finalmente, se\u00f1alar que el lunes 25 de noviembre la jornada se desarrollar\u00e1 de manera normal, por lo anterior les recordamos la importancia de la asistencia a clases de nuestros estudiantes.<\/p>\n<p>Atentamente,<\/p>\n<p>Direcci\u00f3n SIC<\/p>\n","protected":false},"excerpt":{"rendered":"<p>Estimadas familias: Junto con saludar, informo a ustedes que, nuestro colegio ser\u00e1 sede votaci\u00f3n, por esto es importante se\u00f1alar que con el objetivo de garantizar un proceso eleccionario seguro, responsable y transparente el Ministerio de Educaci\u00f3n junto al SERVEL han decidido que la entrega de los establecimientos que funcionar\u00e1n como local de votaci\u00f3n sea el&hellip;<\/p>\n","protected":false},"author":1,"featured_media":0,"comment_status":"closed","ping_status":"closed","sticky":false,"template":"","format":"standard","meta":[],"categories":[3],"tags":[],"_links":{"self":[{"href":"http:\/\/sanignacioconcepcion.cl\/sitio\/wp-json\/wp\/v2\/posts\/9163"}],"collection":[{"href":"http:\/\/sanignacioconcepcion.cl\/sitio\/wp-json\/wp\/v2\/posts"}],"about":[{"href":"http:\/\/sanignacioconcepcion.cl\/sitio\/wp-json\/wp\/v2\/types\/post"}],"author":[{"embeddable":true,"href":"http:\/\/sanignacioconcepcion.cl\/sitio\/wp-json\/wp\/v2\/users\/1"}],"replies":[{"embeddable":true,"href":"http:\/\/sanignacioconcepcion.cl\/sitio\/wp-json\/wp\/v2\/comments?post=9163"}],"version-history":[{"count":1,"href":"http:\/\/sanignacioconcepcion.cl\/sitio\/wp-json\/wp\/v2\/posts\/9163\/revisions"}],"predecessor-version":[{"id":9164,"href":"http:\/\/sanignacioconcepcion.cl\/sitio\/wp-json\/wp\/v2\/posts\/9163\/revisions\/9164"}],"wp:attachment":[{"href":"http:\/\/sanignacioconcepcion.cl\/sitio\/wp-json\/wp\/v2\/media?parent=9163"}],"wp:term":[{"taxonomy":"category","embeddable":true,"href":"http:\/\/sanignacioconcepcion.cl\/sitio\/wp-json\/wp\/v2\/categories?post=9163"},{"taxonomy":"post_tag","embeddable":true,"href":"http:\/\/sanignacioconcepcion.cl\/sitio\/wp-json\/wp\/v2\/tags?post=9163"}],"curies":[{"name":"wp","href":"https:\/\/api.w.org\/{rel}","templated":true}]}}