{"id":9165,"date":"2024-11-18T15:26:27","date_gmt":"2024-11-18T18:26:27","guid":{"rendered":"http:\/\/sanignacioconcepcion.cl\/sitio\/?p=9165"},"modified":"2024-11-18T15:26:27","modified_gmt":"2024-11-18T18:26:27","slug":"ruta-ignaciana-5tos-basicos-caminar-con-otros-hacia-la-meta","status":"publish","type":"post","link":"http:\/\/sanignacioconcepcion.cl\/sitio\/ruta-ignaciana-5tos-basicos-caminar-con-otros-hacia-la-meta\/","title":{"rendered":"Ruta Ignaciana 5tos b\u00e1sicos: \u201cCaminar con otros hacia la meta\u201d"},"content":{"rendered":"<p>El pasado 13 de noviembre, nuestros estudiantes de 5\u00ba b\u00e1sico vivieron una experiencia \u00fanica en \u201cLa Ruta Ignaciana\u201d. Caminando y compartiendo en plena naturaleza del Parque Cerro Caracol, aprendieron a reconocer y resignificar el valor de nuestra casa com\u00fan.<\/p>\n<p>La jornada se inici\u00f3 con una apertura que abord\u00f3 el relato de San Ignacio de Loyola, tomado de su Autobiograf\u00eda, inspirando a los estudiantes a caminar como peregrinos y a reflexionar sobre los caminos que se abren en sus vidas.<\/p>\n<p>La experiencia se vivi\u00f3 a trav\u00e9s de estaciones de reflexi\u00f3n. En cada una, los estudiantes, organizados en grupos, respondieron a preguntas que los invitaron a mirar su vida con nuevos ojos. En la quinta y \u00faltima estaci\u00f3n de la ruta, el camino culmin\u00f3 con una pregunta profundamente significativa: \u00bfD\u00f3nde y c\u00f3mo me siento llamado a amar y servir? Una oportunidad para que cada estudiante reflexionara sobre su papel como agente de cambio, inspirado por el ejemplo de San Ignacio, quien nos invita a ser personas que transforman desde el amor y el servicio.<\/p>\n<p>Fue una gran experiencia para cada uno de los alumnos\/as, quienes fueron acompa\u00f1ados por estudiantes monitores, Equipo de Ciclo y colaboraci\u00f3n de apoderados. <a href=\"https:\/\/photos.app.goo.gl\/Bk6utgCw8Jj2BE449\">ver fotos<\/a><\/p>\n","protected":false},"excerpt":{"rendered":"<p>El pasado 13 de noviembre, nuestros estudiantes de 5\u00ba b\u00e1sico vivieron una experiencia \u00fanica en \u201cLa Ruta Ignaciana\u201d. Caminando y compartiendo en plena naturaleza del Parque Cerro Caracol, aprendieron a reconocer y resignificar el valor de nuestra casa com\u00fan. La jornada se inici\u00f3 con una apertura que abord\u00f3 el relato de San Ignacio de Loyola,&hellip;<\/p>\n","protected":false},"author":1,"featured_media":9166,"comment_status":"closed","ping_status":"closed","sticky":false,"template":"","format":"standard","meta":[],"categories":[4],"tags":[],"_links":{"self":[{"href":"http:\/\/sanignacioconcepcion.cl\/sitio\/wp-json\/wp\/v2\/posts\/9165"}],"collection":[{"href":"http:\/\/sanignacioconcepcion.cl\/sitio\/wp-json\/wp\/v2\/posts"}],"about":[{"href":"http:\/\/sanignacioconcepcion.cl\/sitio\/wp-json\/wp\/v2\/types\/post"}],"author":[{"embeddable":true,"href":"http:\/\/sanignacioconcepcion.cl\/sitio\/wp-json\/wp\/v2\/users\/1"}],"replies":[{"embeddable":true,"href":"http:\/\/sanignacioconcepcion.cl\/sitio\/wp-json\/wp\/v2\/comments?post=9165"}],"version-history":[{"count":1,"href":"http:\/\/sanignacioconcepcion.cl\/sitio\/wp-json\/wp\/v2\/posts\/9165\/revisions"}],"predecessor-version":[{"id":9167,"href":"http:\/\/sanignacioconcepcion.cl\/sitio\/wp-json\/wp\/v2\/posts\/9165\/revisions\/9167"}],"wp:featuredmedia":[{"embeddable":true,"href":"http:\/\/sanignacioconcepcion.cl\/sitio\/wp-json\/wp\/v2\/media\/9166"}],"wp:attachment":[{"href":"http:\/\/sanignacioconcepcion.cl\/sitio\/wp-json\/wp\/v2\/media?parent=9165"}],"wp:term":[{"taxonomy":"category","embeddable":true,"href":"http:\/\/sanignacioconcepcion.cl\/sitio\/wp-json\/wp\/v2\/categories?post=9165"},{"taxonomy":"post_tag","embeddable":true,"href":"http:\/\/sanignacioconcepcion.cl\/sitio\/wp-json\/wp\/v2\/tags?post=9165"}],"curies":[{"name":"wp","href":"https:\/\/api.w.org\/{rel}","templated":true}]}}