{"id":9168,"date":"2024-11-18T15:30:54","date_gmt":"2024-11-18T18:30:54","guid":{"rendered":"http:\/\/sanignacioconcepcion.cl\/sitio\/?p=9168"},"modified":"2024-11-18T15:30:54","modified_gmt":"2024-11-18T18:30:54","slug":"futbol-varones-sic-se-quedo-con-el-2do-lugar-en-la-copa-160-anos-del-san-javier","status":"publish","type":"post","link":"http:\/\/sanignacioconcepcion.cl\/sitio\/futbol-varones-sic-se-quedo-con-el-2do-lugar-en-la-copa-160-anos-del-san-javier\/","title":{"rendered":"F\u00fatbol varones &#8211; SIC se qued\u00f3 con el 2do lugar en la Copa 160 a\u00f1os del San Javier"},"content":{"rendered":"<p>Los d\u00edas 14, 15 y 16 de noviembre, se llev\u00f3 a cabo la Copa de F\u00fatbol Varones 160 A\u00f1os organizada por el Colegio San Francisco Javier de Puerto Montt, en conmemoraci\u00f3n de su aniversario. Este destacado evento deportivo congreg\u00f3 a las siguientes instituciones educativas: Instituto Alem\u00e1n de Puerto Varas, Colegio Germania, Colegio Alem\u00e1n de Puerto Montt, Colegio Padre Hurtado de Chill\u00e1n, Colegio San Ignacio de Concepci\u00f3n y el anfitri\u00f3n, Colegio San Francisco Javier de Puerto Montt.<\/p>\n<p>Nuestros ignacianos lograron un meritorio<strong> segundo luga<\/strong>r tras una emocionante final decidida por lanzamientos penales. El campeonato fue conquistado por el Colegio Padre Hurtado de Chill\u00e1n, en una jornada que quedar\u00e1 marcada por el esp\u00edritu competitivo y deportivo.<\/p>\n<p>El profesor Fernando Sandoval, encargado del equipo del SIC, destac\u00f3 el desempe\u00f1o de los estudiantes, resaltando su disposici\u00f3n y compromiso en cada encuentro. \u201cLos jugadores enfrentaron el desaf\u00edo de competir en una cancha de mayor tama\u00f1o a la habitual, lo que aument\u00f3 la exigencia f\u00edsica y t\u00e1ctica, pero aun as\u00ed lograron adaptarse y demostrar su talento y perseverancia,\u201d se\u00f1al\u00f3 el entrenador.<\/p>\n<p>Este logro refleja no solo el nivel competitivo de nuestros deportistas, sino tambi\u00e9n su capacidad de adaptaci\u00f3n y trabajo en equipo, valores que enorgullecen a toda la comunidad ignaciana. <a href=\"https:\/\/photos.app.goo.gl\/iMAKBvGFhnjufETN8\">ver fotos<\/a><\/p>\n","protected":false},"excerpt":{"rendered":"<p>Los d\u00edas 14, 15 y 16 de noviembre, se llev\u00f3 a cabo la Copa de F\u00fatbol Varones 160 A\u00f1os organizada por el Colegio San Francisco Javier de Puerto Montt, en conmemoraci\u00f3n de su aniversario. Este destacado evento deportivo congreg\u00f3 a las siguientes instituciones educativas: Instituto Alem\u00e1n de Puerto Varas, Colegio Germania, Colegio Alem\u00e1n de Puerto&hellip;<\/p>\n","protected":false},"author":1,"featured_media":9169,"comment_status":"closed","ping_status":"closed","sticky":false,"template":"","format":"standard","meta":[],"categories":[4],"tags":[],"_links":{"self":[{"href":"http:\/\/sanignacioconcepcion.cl\/sitio\/wp-json\/wp\/v2\/posts\/9168"}],"collection":[{"href":"http:\/\/sanignacioconcepcion.cl\/sitio\/wp-json\/wp\/v2\/posts"}],"about":[{"href":"http:\/\/sanignacioconcepcion.cl\/sitio\/wp-json\/wp\/v2\/types\/post"}],"author":[{"embeddable":true,"href":"http:\/\/sanignacioconcepcion.cl\/sitio\/wp-json\/wp\/v2\/users\/1"}],"replies":[{"embeddable":true,"href":"http:\/\/sanignacioconcepcion.cl\/sitio\/wp-json\/wp\/v2\/comments?post=9168"}],"version-history":[{"count":1,"href":"http:\/\/sanignacioconcepcion.cl\/sitio\/wp-json\/wp\/v2\/posts\/9168\/revisions"}],"predecessor-version":[{"id":9170,"href":"http:\/\/sanignacioconcepcion.cl\/sitio\/wp-json\/wp\/v2\/posts\/9168\/revisions\/9170"}],"wp:featuredmedia":[{"embeddable":true,"href":"http:\/\/sanignacioconcepcion.cl\/sitio\/wp-json\/wp\/v2\/media\/9169"}],"wp:attachment":[{"href":"http:\/\/sanignacioconcepcion.cl\/sitio\/wp-json\/wp\/v2\/media?parent=9168"}],"wp:term":[{"taxonomy":"category","embeddable":true,"href":"http:\/\/sanignacioconcepcion.cl\/sitio\/wp-json\/wp\/v2\/categories?post=9168"},{"taxonomy":"post_tag","embeddable":true,"href":"http:\/\/sanignacioconcepcion.cl\/sitio\/wp-json\/wp\/v2\/tags?post=9168"}],"curies":[{"name":"wp","href":"https:\/\/api.w.org\/{rel}","templated":true}]}}