{"id":9171,"date":"2024-11-18T16:04:18","date_gmt":"2024-11-18T19:04:18","guid":{"rendered":"http:\/\/sanignacioconcepcion.cl\/sitio\/?p=9171"},"modified":"2024-11-18T16:09:38","modified_gmt":"2024-11-18T19:09:38","slug":"charla-sobre-sexualidad-y-uso-consciente-de-redes-sociales-para-apoderados-de-8o-basico","status":"publish","type":"post","link":"http:\/\/sanignacioconcepcion.cl\/sitio\/charla-sobre-sexualidad-y-uso-consciente-de-redes-sociales-para-apoderados-de-8o-basico\/","title":{"rendered":"Charla sobre Sexualidad y uso Consciente de Redes Sociales para apoderados de 8\u00ba B\u00e1sico"},"content":{"rendered":"<p>El pasado mi\u00e9rcoles, se llev\u00f3 a cabo una charla dirigida a los apoderados de 8\u00ba b\u00e1sico sobre Sexualidad y Uso Consciente de las Redes Sociales, organizada por el Ciclo Roma del Colegio. La actividad cont\u00f3 con la presentaci\u00f3n de la psic\u00f3loga de la Universidad de Concepci\u00f3n, Ana Carolina Hern\u00e1ndez, quien abord\u00f3 diversas tem\u00e1ticas de gran relevancia para las familias en esta etapa formativa de los\/las estudiantes.<\/p>\n<p>El principal objetivo de la charla fue destacar la importancia de una buena educaci\u00f3n sexual y el papel clave de la comunicaci\u00f3n y el apoyo familiar en este proceso. Adem\u00e1s, se ofrecieron herramientas para prevenir riesgos como el ciberacoso, sexting, grooming u otras formas de vulneraci\u00f3n de derechos en el entorno digital.<\/p>\n<p><strong>Durante el encuentro, se profundiz\u00f3 en temas como:<\/strong><\/p>\n<ul>\n<li>Autonom\u00eda e identidad en la adolescencia, caracter\u00edsticas del cerebro adolescente y elementos claves de la sexualidad.<\/li>\n<li>Los cambios hormonales y emocionales propios de la pubertad y adolescencia.<\/li>\n<li>La importancia de la comunicaci\u00f3n transparente y el apoyo familiar como base para un desarrollo saludable.<\/li>\n<li>Prevenci\u00f3n de abusos y violencia en medios y redes sociales, destacando el impacto emocional que estas situaciones pueden tener en los j\u00f3venes.<\/li>\n<\/ul>\n<p>Se enfatiz\u00f3 en la responsabilidad compartida de las familias junto a los adolescentes, para proteger su salud y bienestar, y promover una sociedad m\u00e1s informada y equitativa. Asimismo, se entregaron herramientas pr\u00e1cticas y recursos que permitir\u00e1n a los apoderados abordar estos temas de manera adecuada en sus hogares. <a href=\"https:\/\/photos.app.goo.gl\/5RszG3SN1U8qADQp6\">ver fotos\u00a0<\/a><\/p>\n","protected":false},"excerpt":{"rendered":"<p>El pasado mi\u00e9rcoles, se llev\u00f3 a cabo una charla dirigida a los apoderados de 8\u00ba b\u00e1sico sobre Sexualidad y Uso Consciente de las Redes Sociales, organizada por el Ciclo Roma del Colegio. La actividad cont\u00f3 con la presentaci\u00f3n de la psic\u00f3loga de la Universidad de Concepci\u00f3n, Ana Carolina Hern\u00e1ndez, quien abord\u00f3 diversas tem\u00e1ticas de gran&hellip;<\/p>\n","protected":false},"author":1,"featured_media":9172,"comment_status":"closed","ping_status":"closed","sticky":false,"template":"","format":"standard","meta":[],"categories":[4],"tags":[],"_links":{"self":[{"href":"http:\/\/sanignacioconcepcion.cl\/sitio\/wp-json\/wp\/v2\/posts\/9171"}],"collection":[{"href":"http:\/\/sanignacioconcepcion.cl\/sitio\/wp-json\/wp\/v2\/posts"}],"about":[{"href":"http:\/\/sanignacioconcepcion.cl\/sitio\/wp-json\/wp\/v2\/types\/post"}],"author":[{"embeddable":true,"href":"http:\/\/sanignacioconcepcion.cl\/sitio\/wp-json\/wp\/v2\/users\/1"}],"replies":[{"embeddable":true,"href":"http:\/\/sanignacioconcepcion.cl\/sitio\/wp-json\/wp\/v2\/comments?post=9171"}],"version-history":[{"count":1,"href":"http:\/\/sanignacioconcepcion.cl\/sitio\/wp-json\/wp\/v2\/posts\/9171\/revisions"}],"predecessor-version":[{"id":9173,"href":"http:\/\/sanignacioconcepcion.cl\/sitio\/wp-json\/wp\/v2\/posts\/9171\/revisions\/9173"}],"wp:featuredmedia":[{"embeddable":true,"href":"http:\/\/sanignacioconcepcion.cl\/sitio\/wp-json\/wp\/v2\/media\/9172"}],"wp:attachment":[{"href":"http:\/\/sanignacioconcepcion.cl\/sitio\/wp-json\/wp\/v2\/media?parent=9171"}],"wp:term":[{"taxonomy":"category","embeddable":true,"href":"http:\/\/sanignacioconcepcion.cl\/sitio\/wp-json\/wp\/v2\/categories?post=9171"},{"taxonomy":"post_tag","embeddable":true,"href":"http:\/\/sanignacioconcepcion.cl\/sitio\/wp-json\/wp\/v2\/tags?post=9171"}],"curies":[{"name":"wp","href":"https:\/\/api.w.org\/{rel}","templated":true}]}}