{"id":9174,"date":"2024-11-18T16:08:23","date_gmt":"2024-11-18T19:08:23","guid":{"rendered":"http:\/\/sanignacioconcepcion.cl\/sitio\/?p=9174"},"modified":"2024-11-18T16:08:23","modified_gmt":"2024-11-18T19:08:23","slug":"mes-de-maria","status":"publish","type":"post","link":"http:\/\/sanignacioconcepcion.cl\/sitio\/mes-de-maria\/","title":{"rendered":"Mes de Mar\u00eda"},"content":{"rendered":"<p>Con gran alegr\u00eda, dimos inicio al Mes de Mar\u00eda, un tiempo especial de oraci\u00f3n y encuentro espiritual. Cada d\u00eda, nos reunimos en la capilla junto a los estudiantes de un nivel para elevar oraciones intencionadas, abarcando temas como <em>la justicia, la familia, la amistad,<\/em> entre otros. Estas intenciones reflejan nuestro deseo de agradecer y pedir a la Virgen Mar\u00eda que interceda por nuestras necesidades y agradecimientos.<\/p>\n<p>Como signo de unidad y comunidad, estamos confeccionando un rosario colectivo, que simboliza todas las oraciones realizadas y aquellas que se realizar\u00e1n a lo largo del mes. Este gesto nos recuerda la importancia de la fe compartida y de la oraci\u00f3n como v\u00ednculo de uni\u00f3n y esperanza.<\/p>\n<p>Extendemos la invitaci\u00f3n a todos y todas a sumarse a esta instancia de oraci\u00f3n diaria, a partir de las 8:00 horas en nuestra capilla.<\/p>\n<p>\u00a1Te esperamos para vivir juntos\/as este hermoso tiempo de devoci\u00f3n! <a href=\"https:\/\/photos.app.goo.gl\/biUUTUHpJJDtXH3Q6\">ver fotos<\/a><\/p>\n","protected":false},"excerpt":{"rendered":"<p>Con gran alegr\u00eda, dimos inicio al Mes de Mar\u00eda, un tiempo especial de oraci\u00f3n y encuentro espiritual. Cada d\u00eda, nos reunimos en la capilla junto a los estudiantes de un nivel para elevar oraciones intencionadas, abarcando temas como la justicia, la familia, la amistad, entre otros. Estas intenciones reflejan nuestro deseo de agradecer y pedir&hellip;<\/p>\n","protected":false},"author":1,"featured_media":9175,"comment_status":"closed","ping_status":"closed","sticky":false,"template":"","format":"standard","meta":[],"categories":[4],"tags":[],"_links":{"self":[{"href":"http:\/\/sanignacioconcepcion.cl\/sitio\/wp-json\/wp\/v2\/posts\/9174"}],"collection":[{"href":"http:\/\/sanignacioconcepcion.cl\/sitio\/wp-json\/wp\/v2\/posts"}],"about":[{"href":"http:\/\/sanignacioconcepcion.cl\/sitio\/wp-json\/wp\/v2\/types\/post"}],"author":[{"embeddable":true,"href":"http:\/\/sanignacioconcepcion.cl\/sitio\/wp-json\/wp\/v2\/users\/1"}],"replies":[{"embeddable":true,"href":"http:\/\/sanignacioconcepcion.cl\/sitio\/wp-json\/wp\/v2\/comments?post=9174"}],"version-history":[{"count":1,"href":"http:\/\/sanignacioconcepcion.cl\/sitio\/wp-json\/wp\/v2\/posts\/9174\/revisions"}],"predecessor-version":[{"id":9176,"href":"http:\/\/sanignacioconcepcion.cl\/sitio\/wp-json\/wp\/v2\/posts\/9174\/revisions\/9176"}],"wp:featuredmedia":[{"embeddable":true,"href":"http:\/\/sanignacioconcepcion.cl\/sitio\/wp-json\/wp\/v2\/media\/9175"}],"wp:attachment":[{"href":"http:\/\/sanignacioconcepcion.cl\/sitio\/wp-json\/wp\/v2\/media?parent=9174"}],"wp:term":[{"taxonomy":"category","embeddable":true,"href":"http:\/\/sanignacioconcepcion.cl\/sitio\/wp-json\/wp\/v2\/categories?post=9174"},{"taxonomy":"post_tag","embeddable":true,"href":"http:\/\/sanignacioconcepcion.cl\/sitio\/wp-json\/wp\/v2\/tags?post=9174"}],"curies":[{"name":"wp","href":"https:\/\/api.w.org\/{rel}","templated":true}]}}