{"id":9177,"date":"2024-11-18T17:32:31","date_gmt":"2024-11-18T20:32:31","guid":{"rendered":"http:\/\/sanignacioconcepcion.cl\/sitio\/?p=9177"},"modified":"2024-11-18T17:56:41","modified_gmt":"2024-11-18T20:56:41","slug":"ceremonia-de-licenciatura-2024","status":"publish","type":"post","link":"http:\/\/sanignacioconcepcion.cl\/sitio\/ceremonia-de-licenciatura-2024\/","title":{"rendered":"Ceremonia de licenciatura 2024"},"content":{"rendered":"<p>Con el lema que nos identifica: <em>\u201cEntramos para aprender y salimos para servir\u201d<\/em>, dimos inicio a una de las ceremonias m\u00e1s significativas para nuestra comunidad educativa: la Licenciatura de la Generaci\u00f3n 2024. Este acto solemne reuni\u00f3 a los m\u00e1s de 120 estudiantes, sus familias y miembros de nuestra comunidad, quienes celebraron juntos el cierre de una etapa llena de aprendizajes, desaf\u00edos y crecimiento.<\/p>\n<p>En esta emotiva ocasi\u00f3n, nuestros egresados\/as se despidieron del colegio como personas \u00edntegras, comprometidas con la fe, la justicia y la solidaridad, y preparadas para transformar la sociedad desde sus propios proyectos de vida, guiados por el llamado que Dios tiene para cada uno de ellos.<\/p>\n<p>La ceremonia comenz\u00f3 con el desfile de los estudiantes, encabezados por los abanderados y portaestandartes, quienes dieron inicio al acto. La Directora del Colegio, Sra. Claudia Messina, ofreci\u00f3 un inspirador discurso en el que destac\u00f3 la importancia de los valores ignacianos y el desarrollo integral de los j\u00f3venes.<\/p>\n<p>Cada estudiante recibi\u00f3 su diploma en un ambiente cargado de alegr\u00eda, satisfacci\u00f3n y, en algunos casos, nostalgia por los a\u00f1os compartidos. Adem\u00e1s, se otorgaron distinciones especiales para reconocer el esfuerzo acad\u00e9mico, art\u00edstico y deportivo, as\u00ed como el compa\u00f1erismo y la vivencia de los valores ignacianos.<\/p>\n<p>Entre los premios destacados, se encuentra el <strong>Premio al Alumno\/a Ignaciano\/a<\/strong>, m\u00e1xima distinci\u00f3n de nuestro proyecto educativo, que este a\u00f1o fue otorgada a Crist\u00f3bal Cepeda Barrales (4\u00baC), quien emocionado agradeci\u00f3 este reconocimiento.<\/p>\n<p>Uno de los momentos m\u00e1s simb\u00f3licos fue la oraci\u00f3n de env\u00edo, en la que un\/a estudiante de cada curso, acompa\u00f1ado\/a por su hermano\/a menor, represent\u00f3 <em>\u201cla semilla del futuro\u201d<\/em>. Este gesto marc\u00f3 el cierre de una etapa y el inicio de nuevos desaf\u00edos para las pr\u00f3ximas generaciones.<\/p>\n<p>La Generaci\u00f3n 2024 tambi\u00e9n tuvo su espacio para expresar un discurso de despedida, compartiendo an\u00e9cdotas, agradecimientos y aprendizajes que quedar\u00e1n grabados en su memoria y en la historia de nuestro colegio.<\/p>\n<p>Con alegr\u00eda y esperanza, despedimos a estos j\u00f3venes, confiando en que ser\u00e1n luz y servicio en cada lugar al que vayan. <a href=\"https:\/\/photos.app.goo.gl\/KCMjL3BPtE1SFHyD8\">ver fotos<\/a><\/p>\n<p>\u00a1Felicitaciones, Generaci\u00f3n 2024!<\/p>\n","protected":false},"excerpt":{"rendered":"<p>Con el lema que nos identifica: \u201cEntramos para aprender y salimos para servir\u201d, dimos inicio a una de las ceremonias m\u00e1s significativas para nuestra comunidad educativa: la Licenciatura de la Generaci\u00f3n 2024. Este acto solemne reuni\u00f3 a los m\u00e1s de 120 estudiantes, sus familias y miembros de nuestra comunidad, quienes celebraron juntos el cierre de&hellip;<\/p>\n","protected":false},"author":1,"featured_media":9185,"comment_status":"closed","ping_status":"closed","sticky":false,"template":"","format":"standard","meta":[],"categories":[4],"tags":[],"_links":{"self":[{"href":"http:\/\/sanignacioconcepcion.cl\/sitio\/wp-json\/wp\/v2\/posts\/9177"}],"collection":[{"href":"http:\/\/sanignacioconcepcion.cl\/sitio\/wp-json\/wp\/v2\/posts"}],"about":[{"href":"http:\/\/sanignacioconcepcion.cl\/sitio\/wp-json\/wp\/v2\/types\/post"}],"author":[{"embeddable":true,"href":"http:\/\/sanignacioconcepcion.cl\/sitio\/wp-json\/wp\/v2\/users\/1"}],"replies":[{"embeddable":true,"href":"http:\/\/sanignacioconcepcion.cl\/sitio\/wp-json\/wp\/v2\/comments?post=9177"}],"version-history":[{"count":2,"href":"http:\/\/sanignacioconcepcion.cl\/sitio\/wp-json\/wp\/v2\/posts\/9177\/revisions"}],"predecessor-version":[{"id":9186,"href":"http:\/\/sanignacioconcepcion.cl\/sitio\/wp-json\/wp\/v2\/posts\/9177\/revisions\/9186"}],"wp:featuredmedia":[{"embeddable":true,"href":"http:\/\/sanignacioconcepcion.cl\/sitio\/wp-json\/wp\/v2\/media\/9185"}],"wp:attachment":[{"href":"http:\/\/sanignacioconcepcion.cl\/sitio\/wp-json\/wp\/v2\/media?parent=9177"}],"wp:term":[{"taxonomy":"category","embeddable":true,"href":"http:\/\/sanignacioconcepcion.cl\/sitio\/wp-json\/wp\/v2\/categories?post=9177"},{"taxonomy":"post_tag","embeddable":true,"href":"http:\/\/sanignacioconcepcion.cl\/sitio\/wp-json\/wp\/v2\/tags?post=9177"}],"curies":[{"name":"wp","href":"https:\/\/api.w.org\/{rel}","templated":true}]}}