{"id":9179,"date":"2024-11-14T17:25:42","date_gmt":"2024-11-14T20:25:42","guid":{"rendered":"http:\/\/sanignacioconcepcion.cl\/sitio\/?p=9179"},"modified":"2024-11-18T17:29:51","modified_gmt":"2024-11-18T20:29:51","slug":"despedida-4tos-medios-generacion-2024","status":"publish","type":"post","link":"http:\/\/sanignacioconcepcion.cl\/sitio\/despedida-4tos-medios-generacion-2024\/","title":{"rendered":"Despedida 4tos medios &#8211; Generaci\u00f3n 2024"},"content":{"rendered":"<p>El viernes 8 de noviembre, la comunidad educativa del Colegio San Ignacio se reuni\u00f3 en una jornada cargada de emociones para despedir a los estudiantes de 4\u00b0 medio, quienes culminan una etapa fundamental de sus vidas y se preparan para nuevos desaf\u00edos.<\/p>\n<p>El d\u00eda se inici\u00f3 con la \u00faltima apertura en sus respectivas salas, seguida de una c\u00e1lida convivencia que permiti\u00f3 compartir risas y recuerdos. M\u00e1s tarde, la generaci\u00f3n 2024 se reuni\u00f3 en el Ciclo Loyola \u00a0para disfrutar de un acto especial, donde los presidentes de curso ofrecieron emotivos discursos de despedida. En sus palabras, recordaron an\u00e9cdotas, momentos significativos y destacaron la influencia de los educadores que marcaron su paso por el colegio, dejando una huella imborrable en su formaci\u00f3n personal y acad\u00e9mica.<\/p>\n<p>Durante la actividad, los estudiantes del 2\u00ba b\u00e1sico C prepararon una c\u00e1lida presentaci\u00f3n para rendir homenaje a sus \u00abhermanos mayores\u00bb, un gesto que reflej\u00f3 el esp\u00edritu de uni\u00f3n y familia que caracteriza a nuestra comunidad. Adem\u00e1s, el capell\u00e1n del colegio realiz\u00f3 un momento significativo: la bendici\u00f3n de los l\u00e1pices que utilizar\u00e1n en la pr\u00f3xima PAES, dese\u00e1ndoles \u00e9xito y fortaleza en esta etapa crucial.<\/p>\n<p>El momento m\u00e1s emotivo del d\u00eda lleg\u00f3 con el recorrido por las instalaciones del colegio, donde se form\u00f3 un pasillo repleto de estudiantes y educadores. M\u00e1s de 120 alumnos y alumnas desfilaron con emoci\u00f3n mientras recib\u00edan aplausos, abrazos y muestras de cari\u00f1o de sus compa\u00f1eros, profesores y funcionarios, quienes los despidieron con calidez y buenos deseos para el futuro.<\/p>\n<p>Esta jornada no solo marc\u00f3 el fin de un ciclo, sino que tambi\u00e9n reafirm\u00f3 el sentido de comunidad y los valores que nuestros estudiantes llevan consigo al mundo. \u00a1Felicitaciones, generaci\u00f3n 2024! Siempre ser\u00e1n parte de la familia ignaciana. <a href=\"https:\/\/photos.app.goo.gl\/NAXDdofNWjCrGDFx6\">ver fotos<\/a><\/p>\n<p>&nbsp;<\/p>\n","protected":false},"excerpt":{"rendered":"<p>El viernes 8 de noviembre, la comunidad educativa del Colegio San Ignacio se reuni\u00f3 en una jornada cargada de emociones para despedir a los estudiantes de 4\u00b0 medio, quienes culminan una etapa fundamental de sus vidas y se preparan para nuevos desaf\u00edos. El d\u00eda se inici\u00f3 con la \u00faltima apertura en sus respectivas salas, seguida&hellip;<\/p>\n","protected":false},"author":1,"featured_media":0,"comment_status":"closed","ping_status":"closed","sticky":false,"template":"","format":"standard","meta":[],"categories":[4],"tags":[],"_links":{"self":[{"href":"http:\/\/sanignacioconcepcion.cl\/sitio\/wp-json\/wp\/v2\/posts\/9179"}],"collection":[{"href":"http:\/\/sanignacioconcepcion.cl\/sitio\/wp-json\/wp\/v2\/posts"}],"about":[{"href":"http:\/\/sanignacioconcepcion.cl\/sitio\/wp-json\/wp\/v2\/types\/post"}],"author":[{"embeddable":true,"href":"http:\/\/sanignacioconcepcion.cl\/sitio\/wp-json\/wp\/v2\/users\/1"}],"replies":[{"embeddable":true,"href":"http:\/\/sanignacioconcepcion.cl\/sitio\/wp-json\/wp\/v2\/comments?post=9179"}],"version-history":[{"count":2,"href":"http:\/\/sanignacioconcepcion.cl\/sitio\/wp-json\/wp\/v2\/posts\/9179\/revisions"}],"predecessor-version":[{"id":9184,"href":"http:\/\/sanignacioconcepcion.cl\/sitio\/wp-json\/wp\/v2\/posts\/9179\/revisions\/9184"}],"wp:attachment":[{"href":"http:\/\/sanignacioconcepcion.cl\/sitio\/wp-json\/wp\/v2\/media?parent=9179"}],"wp:term":[{"taxonomy":"category","embeddable":true,"href":"http:\/\/sanignacioconcepcion.cl\/sitio\/wp-json\/wp\/v2\/categories?post=9179"},{"taxonomy":"post_tag","embeddable":true,"href":"http:\/\/sanignacioconcepcion.cl\/sitio\/wp-json\/wp\/v2\/tags?post=9179"}],"curies":[{"name":"wp","href":"https:\/\/api.w.org\/{rel}","templated":true}]}}