{"id":9187,"date":"2024-11-21T15:28:45","date_gmt":"2024-11-21T18:28:45","guid":{"rendered":"http:\/\/sanignacioconcepcion.cl\/sitio\/?p=9187"},"modified":"2024-11-21T15:30:37","modified_gmt":"2024-11-21T18:30:37","slug":"destacada-participacion-del-sic-en-los-juegos-deportivos-escolares-de-gimnasia-artistica","status":"publish","type":"post","link":"http:\/\/sanignacioconcepcion.cl\/sitio\/destacada-participacion-del-sic-en-los-juegos-deportivos-escolares-de-gimnasia-artistica\/","title":{"rendered":"\u00a1Destacada participaci\u00f3n del SIC  en los Juegos Deportivos Escolares de Gimnasia Art\u00edstica!"},"content":{"rendered":"<p>En el Colegio Concepci\u00f3n San Pedro, se llevaron a cabo los <strong>Juegos Deportivos Escolares de Gimnasia Art\u00edstica<\/strong>, evento que reuni\u00f3 a seis colegios en una jornada cargada de emoci\u00f3n y talento. Las gimnastas compitieron en las categor\u00edas <strong>Nivel 1<\/strong> y <strong>Nivel 2<\/strong>, en las franjas uno y dos, demostrando su habilidad en tres aparatos: <strong>salto, suelo y viga<\/strong>.<\/p>\n<p>Despu\u00e9s de una intensa competencia, las gimnastas de nuestro colegio lograron sobresalientes resultados:<\/p>\n<h3><strong>Resultados por Aparato y All Around<\/strong><\/h3>\n<p><strong>Nivel 1 &#8211; Franja 1:<\/strong><br \/>\n<strong>Aparato Salto:<\/strong><\/p>\n<ul>\n<li>3\u00ba lugar: Norma G\u00f3mez<\/li>\n<li>2\u00ba lugar: Ana\u00eds Vera<\/li>\n<li>1\u00ba lugar: Mar\u00eda Consuelo Vargas<\/li>\n<\/ul>\n<p><strong>Aparato Viga:<\/strong><\/p>\n<ul>\n<li>2\u00ba lugar (empate): Norma G\u00f3mez y Mar\u00eda Consuelo Vargas<\/li>\n<li>1\u00ba lugar: Violeta Leal<\/li>\n<\/ul>\n<p><strong>Sumatoria de Aparatos (All Around):<\/strong><\/p>\n<ul>\n<li>2\u00ba lugar: Norma G\u00f3mez<\/li>\n<li>1\u00ba lugar: Mar\u00eda Consuelo Vargas<\/li>\n<\/ul>\n<p><strong>Nivel 1 &#8211; Franja 2:<\/strong><br \/>\n<strong>Aparato Salto:<\/strong><\/p>\n<ul>\n<li>1\u00ba lugar (empate): Isabella Y\u00e1\u00f1ez y Antonella Mu\u00f1oz<\/li>\n<\/ul>\n<p><strong>Aparato Viga:<\/strong><\/p>\n<ul>\n<li>3\u00ba lugar: Isabella Y\u00e1\u00f1ez<\/li>\n<\/ul>\n<p><strong>Aparato Suelo:<\/strong><\/p>\n<ul>\n<li>2\u00ba lugar: Josefa Vargas<\/li>\n<li>1\u00ba lugar: Isabella Y\u00e1\u00f1ez<\/li>\n<\/ul>\n<p><strong>Sumatoria de Aparatos (All Around):<\/strong><\/p>\n<ul>\n<li>1\u00ba lugar: Isabella Y\u00e1\u00f1ez<\/li>\n<\/ul>\n<p><strong>Nivel 2 &#8211; Franja 1:<\/strong><br \/>\n<strong>Aparato Salto:<\/strong><\/p>\n<ul>\n<li>3\u00ba lugar: Josefa Beltr\u00e1n<\/li>\n<li>2\u00ba lugar: Sof\u00eda Urrutia<\/li>\n<li>1\u00ba lugar: Simone Sandoval<\/li>\n<\/ul>\n<p><strong>Aparato Viga:<\/strong><\/p>\n<ul>\n<li>3\u00ba lugar: Gabriela Valenzuela<\/li>\n<li>2\u00ba lugar: Simone Sandoval<\/li>\n<li>1\u00ba lugar: Josefa Beltr\u00e1n<\/li>\n<\/ul>\n<p><strong>Aparato Suelo:<\/strong><\/p>\n<ul>\n<li>3\u00ba lugar: Josefa Beltr\u00e1n<\/li>\n<li>1\u00ba lugar: Simone Sandoval<\/li>\n<\/ul>\n<p><strong>Sumatoria de Aparatos (All Around):<\/strong><\/p>\n<ul>\n<li>3\u00ba lugar: Sof\u00eda Urrutia<\/li>\n<li>2\u00ba lugar: Josefa Beltr\u00e1n<\/li>\n<li>1\u00ba lugar: Simone Sandoval<\/li>\n<\/ul>\n<p><strong>Nivel 2 &#8211; Franja 2:<\/strong><br \/>\n<strong>Aparato Salto:<\/strong><\/p>\n<ul>\n<li>3\u00ba lugar: Javiera Lagos y Mariana Oyarzo<\/li>\n<\/ul>\n<p><strong>Aparato Viga:<\/strong><\/p>\n<ul>\n<li>3\u00ba lugar: Mariana Oyarzo<\/li>\n<li>2\u00ba lugar: Javiera Lagos<\/li>\n<\/ul>\n<p><strong>Aparato Suelo:<\/strong><\/p>\n<ul>\n<li>3\u00ba lugar: Mariana Oyarzo<\/li>\n<li>2\u00ba lugar: Javiera Lagos<\/li>\n<\/ul>\n<p><strong>Sumatoria de Aparatos (All Around):<\/strong><\/p>\n<ul>\n<li>3\u00ba lugar: Javiera Lagos<\/li>\n<\/ul>\n<h3><strong>Campeonas por Equipo<\/strong><\/h3>\n<p>La premiaci\u00f3n final coron\u00f3 a nuestro colegio como <strong>campe\u00f3n por equipo<\/strong> en ambas categor\u00edas:<\/p>\n<ul>\n<li><strong>Nivel 1:<\/strong> 1\u00ba lugar<\/li>\n<li><strong>Nivel 2:<\/strong> 1\u00ba lugar<\/li>\n<\/ul>\n<p>Este logro se tradujo en medallas para todas las gimnastas, un merecido reconocimiento por su esfuerzo y dedicaci\u00f3n.<\/p>\n<p><strong>Felicitamos a nuestras gimnastas, apoderados y equipo t\u00e9cnico por este destacado desempe\u00f1o. <\/strong><\/p>\n<p><strong>\u00a1Sigamos cosechando \u00e9xitos juntos! <a href=\"https:\/\/photos.app.goo.gl\/uB7N4M7T9frduGbaA\">ver fotos<\/a><\/strong><\/p>\n","protected":false},"excerpt":{"rendered":"<p>En el Colegio Concepci\u00f3n San Pedro, se llevaron a cabo los Juegos Deportivos Escolares de Gimnasia Art\u00edstica, evento que reuni\u00f3 a seis colegios en una jornada cargada de emoci\u00f3n y talento. Las gimnastas compitieron en las categor\u00edas Nivel 1 y Nivel 2, en las franjas uno y dos, demostrando su habilidad en tres aparatos: salto,&hellip;<\/p>\n","protected":false},"author":1,"featured_media":9190,"comment_status":"closed","ping_status":"closed","sticky":false,"template":"","format":"standard","meta":[],"categories":[4],"tags":[],"_links":{"self":[{"href":"http:\/\/sanignacioconcepcion.cl\/sitio\/wp-json\/wp\/v2\/posts\/9187"}],"collection":[{"href":"http:\/\/sanignacioconcepcion.cl\/sitio\/wp-json\/wp\/v2\/posts"}],"about":[{"href":"http:\/\/sanignacioconcepcion.cl\/sitio\/wp-json\/wp\/v2\/types\/post"}],"author":[{"embeddable":true,"href":"http:\/\/sanignacioconcepcion.cl\/sitio\/wp-json\/wp\/v2\/users\/1"}],"replies":[{"embeddable":true,"href":"http:\/\/sanignacioconcepcion.cl\/sitio\/wp-json\/wp\/v2\/comments?post=9187"}],"version-history":[{"count":1,"href":"http:\/\/sanignacioconcepcion.cl\/sitio\/wp-json\/wp\/v2\/posts\/9187\/revisions"}],"predecessor-version":[{"id":9189,"href":"http:\/\/sanignacioconcepcion.cl\/sitio\/wp-json\/wp\/v2\/posts\/9187\/revisions\/9189"}],"wp:featuredmedia":[{"embeddable":true,"href":"http:\/\/sanignacioconcepcion.cl\/sitio\/wp-json\/wp\/v2\/media\/9190"}],"wp:attachment":[{"href":"http:\/\/sanignacioconcepcion.cl\/sitio\/wp-json\/wp\/v2\/media?parent=9187"}],"wp:term":[{"taxonomy":"category","embeddable":true,"href":"http:\/\/sanignacioconcepcion.cl\/sitio\/wp-json\/wp\/v2\/categories?post=9187"},{"taxonomy":"post_tag","embeddable":true,"href":"http:\/\/sanignacioconcepcion.cl\/sitio\/wp-json\/wp\/v2\/tags?post=9187"}],"curies":[{"name":"wp","href":"https:\/\/api.w.org\/{rel}","templated":true}]}}