{"id":9191,"date":"2024-11-25T08:04:58","date_gmt":"2024-11-25T11:04:58","guid":{"rendered":"http:\/\/sanignacioconcepcion.cl\/sitio\/?p=9191"},"modified":"2024-11-25T08:04:58","modified_gmt":"2024-11-25T11:04:58","slug":"destacada-participacion-de-estudiantes-sic-en-la-tercera-competencia-de-deletreo-de-la-red-llacolen","status":"publish","type":"post","link":"http:\/\/sanignacioconcepcion.cl\/sitio\/destacada-participacion-de-estudiantes-sic-en-la-tercera-competencia-de-deletreo-de-la-red-llacolen\/","title":{"rendered":"Destacada participaci\u00f3n de estudiantes SIC en la Tercera Competencia de Deletreo de la Red Llacol\u00e9n"},"content":{"rendered":"<p>La ma\u00f1ana del martes 19 de noviembre se llev\u00f3 a cabo la Tercera Competencia de Deletreo de la Red Llacol\u00e9n de Bibliotecas CRA en San Pedro de la Paz, un evento que promueve el aprendizaje, la precisi\u00f3n ling\u00fc\u00edstica y la confianza en los estudiantes. Representando al Colegio San Ignacio de Concepci\u00f3n, participaron en la categor\u00eda de 5\u00b0 y 6\u00b0 b\u00e1sico los estudiantes Jorge Rubilar, Matilde Concha, Amanda \u00c1vila y Juli\u00e1n Becerra, quienes estuvieron acompa\u00f1ados por los profesores de lenguaje Vianca Palma y Pablo Iturra, este \u00faltimo tambi\u00e9n integrante del jurado de la competencia.<\/p>\n<p>El certamen cont\u00f3 con la participaci\u00f3n de destacados establecimientos educacionales de la regi\u00f3n, entre ellos: San Juan Bosco, Colegio Fraternidad, Liceo Los Andes, Escuela Particular San Jos\u00e9, Colegio Paulo Freire, Colegio Amanecer San Carlos y el Colegio San Ignacio de Concepci\u00f3n.<\/p>\n<p>Nuestros estudiantes tuvieron un desempe\u00f1o sobresaliente, logrando destacados lugares en sus respectivas categor\u00edas:<\/p>\n<p><strong>Categor\u00eda 5\u00b0 b\u00e1sico<\/strong><\/p>\n<ul>\n<li>Primer lugar: Matilde Concha<\/li>\n<li>Segundo lugar: Jorge Rubilar<\/li>\n<\/ul>\n<p><strong>Categor\u00eda 6\u00b0 b\u00e1sico<\/strong><\/p>\n<ul>\n<li>Segundo lugar: Juli\u00e1n Becerra<\/li>\n<li>Tercer lugar: Amanda \u00c1vila<\/li>\n<\/ul>\n<p>Destacar que, los concursos de deletreo son instancias formativas que fomentan habilidades fundamentales como la lectura, la ortograf\u00eda y el vocabulario. Adem\u00e1s, promueven valores como la disciplina, el trabajo en equipo y la resiliencia, al enfrentar el desaf\u00edo de pronunciar palabras correctamente en un ambiente competitivo. Este tipo de actividades tambi\u00e9n contribuyen a desarrollar la confianza en s\u00ed mismos, mejorando su capacidad de expresarse en p\u00fablico y enfrentarse a situaciones de alta concentraci\u00f3n.<\/p>\n<p>Felicitamos a nuestros estudiantes por su destacado desempe\u00f1o y agradecemos a los profesores que los guiaron y acompa\u00f1aron, demostrando una vez m\u00e1s el compromiso ignaciano con la excelencia acad\u00e9mica y la formaci\u00f3n integral. <a href=\"https:\/\/photos.app.goo.gl\/1XLfU4dJj8sJN17X8\">ver fotos<\/a><\/p>\n","protected":false},"excerpt":{"rendered":"<p>La ma\u00f1ana del martes 19 de noviembre se llev\u00f3 a cabo la Tercera Competencia de Deletreo de la Red Llacol\u00e9n de Bibliotecas CRA en San Pedro de la Paz, un evento que promueve el aprendizaje, la precisi\u00f3n ling\u00fc\u00edstica y la confianza en los estudiantes. Representando al Colegio San Ignacio de Concepci\u00f3n, participaron en la categor\u00eda&hellip;<\/p>\n","protected":false},"author":1,"featured_media":9192,"comment_status":"closed","ping_status":"closed","sticky":false,"template":"","format":"standard","meta":[],"categories":[4],"tags":[],"_links":{"self":[{"href":"http:\/\/sanignacioconcepcion.cl\/sitio\/wp-json\/wp\/v2\/posts\/9191"}],"collection":[{"href":"http:\/\/sanignacioconcepcion.cl\/sitio\/wp-json\/wp\/v2\/posts"}],"about":[{"href":"http:\/\/sanignacioconcepcion.cl\/sitio\/wp-json\/wp\/v2\/types\/post"}],"author":[{"embeddable":true,"href":"http:\/\/sanignacioconcepcion.cl\/sitio\/wp-json\/wp\/v2\/users\/1"}],"replies":[{"embeddable":true,"href":"http:\/\/sanignacioconcepcion.cl\/sitio\/wp-json\/wp\/v2\/comments?post=9191"}],"version-history":[{"count":1,"href":"http:\/\/sanignacioconcepcion.cl\/sitio\/wp-json\/wp\/v2\/posts\/9191\/revisions"}],"predecessor-version":[{"id":9193,"href":"http:\/\/sanignacioconcepcion.cl\/sitio\/wp-json\/wp\/v2\/posts\/9191\/revisions\/9193"}],"wp:featuredmedia":[{"embeddable":true,"href":"http:\/\/sanignacioconcepcion.cl\/sitio\/wp-json\/wp\/v2\/media\/9192"}],"wp:attachment":[{"href":"http:\/\/sanignacioconcepcion.cl\/sitio\/wp-json\/wp\/v2\/media?parent=9191"}],"wp:term":[{"taxonomy":"category","embeddable":true,"href":"http:\/\/sanignacioconcepcion.cl\/sitio\/wp-json\/wp\/v2\/categories?post=9191"},{"taxonomy":"post_tag","embeddable":true,"href":"http:\/\/sanignacioconcepcion.cl\/sitio\/wp-json\/wp\/v2\/tags?post=9191"}],"curies":[{"name":"wp","href":"https:\/\/api.w.org\/{rel}","templated":true}]}}