{"id":9194,"date":"2024-11-25T09:41:28","date_gmt":"2024-11-25T12:41:28","guid":{"rendered":"http:\/\/sanignacioconcepcion.cl\/sitio\/?p=9194"},"modified":"2024-11-25T09:41:28","modified_gmt":"2024-11-25T12:41:28","slug":"vinculacion-estudiantes-participaron-de-feria-de-la-salud-realizada-en-conjunto-con-la-ucsc","status":"publish","type":"post","link":"http:\/\/sanignacioconcepcion.cl\/sitio\/vinculacion-estudiantes-participaron-de-feria-de-la-salud-realizada-en-conjunto-con-la-ucsc\/","title":{"rendered":"Vinculaci\u00f3n: Estudiantes participaron de Feria de la Salud realizada en conjunto con la UCSC"},"content":{"rendered":"<p>El martes 19 de noviembre, recibimos con entusiasmo la visita de estudiantes de la carrera de Enfermer\u00eda de la Universidad Cat\u00f3lica de la Sant\u00edsima Concepci\u00f3n, quienes llevaron a cabo una din\u00e1mica y educativa Feria de la Salud. La actividad estuvo dirigida a estudiantes de 1\u00ba a 3\u00ba b\u00e1sico y tuvo como principal prop\u00f3sito fomentar h\u00e1bitos saludables desde temprana edad.<\/p>\n<p>Durante la jornada, los estudiantes participaron en diversas estaciones interactivas donde aprendieron sobre temas fundamentales como el correcto lavado de manos y dientes, la importancia de una alimentaci\u00f3n equilibrada, la pr\u00e1ctica regular de actividad f\u00edsica y el cuidado del coraz\u00f3n. Adem\u00e1s, se abordaron medidas de prevenci\u00f3n de enfermedades respiratorias, h\u00e1bitos de higiene personal y otros aspectos esenciales para mantener un estilo de vida saludable.<\/p>\n<p>Agradecemos a la Universidad Cat\u00f3lica de la Sant\u00edsima Concepci\u00f3n y a sus estudiantes de Enfermer\u00eda por compartir sus conocimientos de forma tan cercana y entretenida, contribuyendo al desarrollo integral de nuestros ni\u00f1os y ni\u00f1as.<\/p>\n<p>\u00a1Seguimos promoviendo el bienestar y la educaci\u00f3n en nuestra comunidad escolar! <a href=\"https:\/\/photos.app.goo.gl\/Rk4Vj8gysu4cDKNg9\">ver fotos<\/a><\/p>\n","protected":false},"excerpt":{"rendered":"<p>El martes 19 de noviembre, recibimos con entusiasmo la visita de estudiantes de la carrera de Enfermer\u00eda de la Universidad Cat\u00f3lica de la Sant\u00edsima Concepci\u00f3n, quienes llevaron a cabo una din\u00e1mica y educativa Feria de la Salud. La actividad estuvo dirigida a estudiantes de 1\u00ba a 3\u00ba b\u00e1sico y tuvo como principal prop\u00f3sito fomentar h\u00e1bitos&hellip;<\/p>\n","protected":false},"author":1,"featured_media":9195,"comment_status":"closed","ping_status":"closed","sticky":false,"template":"","format":"standard","meta":[],"categories":[4],"tags":[],"_links":{"self":[{"href":"http:\/\/sanignacioconcepcion.cl\/sitio\/wp-json\/wp\/v2\/posts\/9194"}],"collection":[{"href":"http:\/\/sanignacioconcepcion.cl\/sitio\/wp-json\/wp\/v2\/posts"}],"about":[{"href":"http:\/\/sanignacioconcepcion.cl\/sitio\/wp-json\/wp\/v2\/types\/post"}],"author":[{"embeddable":true,"href":"http:\/\/sanignacioconcepcion.cl\/sitio\/wp-json\/wp\/v2\/users\/1"}],"replies":[{"embeddable":true,"href":"http:\/\/sanignacioconcepcion.cl\/sitio\/wp-json\/wp\/v2\/comments?post=9194"}],"version-history":[{"count":1,"href":"http:\/\/sanignacioconcepcion.cl\/sitio\/wp-json\/wp\/v2\/posts\/9194\/revisions"}],"predecessor-version":[{"id":9196,"href":"http:\/\/sanignacioconcepcion.cl\/sitio\/wp-json\/wp\/v2\/posts\/9194\/revisions\/9196"}],"wp:featuredmedia":[{"embeddable":true,"href":"http:\/\/sanignacioconcepcion.cl\/sitio\/wp-json\/wp\/v2\/media\/9195"}],"wp:attachment":[{"href":"http:\/\/sanignacioconcepcion.cl\/sitio\/wp-json\/wp\/v2\/media?parent=9194"}],"wp:term":[{"taxonomy":"category","embeddable":true,"href":"http:\/\/sanignacioconcepcion.cl\/sitio\/wp-json\/wp\/v2\/categories?post=9194"},{"taxonomy":"post_tag","embeddable":true,"href":"http:\/\/sanignacioconcepcion.cl\/sitio\/wp-json\/wp\/v2\/tags?post=9194"}],"curies":[{"name":"wp","href":"https:\/\/api.w.org\/{rel}","templated":true}]}}