{"id":9209,"date":"2024-11-25T15:42:37","date_gmt":"2024-11-25T18:42:37","guid":{"rendered":"http:\/\/sanignacioconcepcion.cl\/sitio\/?p=9209"},"modified":"2024-11-25T15:43:13","modified_gmt":"2024-11-25T18:43:13","slug":"9209-2","status":"publish","type":"post","link":"http:\/\/sanignacioconcepcion.cl\/sitio\/9209-2\/","title":{"rendered":"D\u00eda de la Educaci\u00f3n Parvularia: tuvimos una jornada llena de aprendizaje y diversi\u00f3n"},"content":{"rendered":"<p>El jueves, junto a nuestras educadoras y estudiantes de Pre-K\u00ednder y K\u00ednder celebramos el <strong>D\u00eda de la Educaci\u00f3n Parvularia<\/strong> con una serie de actividades llenas de entusiasmo y creatividad.<\/p>\n<p>Durante esta jornada disfrutamos del <strong>baile entretenido<\/strong>, de los <strong>juegos de mesa<\/strong> y <strong>manualidades en clases<\/strong>, que permitieron a los peque\u00f1os expresar su imaginaci\u00f3n. Adem\u00e1s, se dio espacio para una <strong>convivencia especial<\/strong>, donde todos pudieron compartir y disfrutar juntos.<\/p>\n<p>El cierre estuvo a cargo de una <strong>presentaci\u00f3n de t\u00edteres<\/strong> realizada por estudiantes de la Universidad Cat\u00f3lica de la Sant\u00edsima Concepci\u00f3n. La obra abord\u00f3 de manera muy din\u00e1mica, el tema de la <strong>zoonosis (<b>enfermedad infecciosa que se traspasa de un animal a humanos)<\/b><\/strong> y la importancia del cuidado responsable de nuestras mascotas, entregando un mensaje educativo en un formato l\u00fadico y cautivador.<\/p>\n<p>Este d\u00eda fue una oportunidad para reconocer el invaluable trabajo y dedicaci\u00f3n de nuestras educadoras, quienes cada d\u00eda gu\u00edan con cari\u00f1o y profesionalismo a los m\u00e1s peque\u00f1os de nuestra comunidad.<\/p>\n<p>Cabe destacar que el <strong>D\u00eda de la Educaci\u00f3n Parvularia<\/strong> se celebra oficialmente el 22 de noviembre. <a href=\"https:\/\/photos.app.goo.gl\/CaNjqqeJYx3vPi25A\">ver fotos<\/a><\/p>\n<p>\u00a1Gracias a todos quienes hicieron posible esta hermosa jornada!<\/p>\n","protected":false},"excerpt":{"rendered":"<p>El jueves, junto a nuestras educadoras y estudiantes de Pre-K\u00ednder y K\u00ednder celebramos el D\u00eda de la Educaci\u00f3n Parvularia con una serie de actividades llenas de entusiasmo y creatividad. Durante esta jornada disfrutamos del baile entretenido, de los juegos de mesa y manualidades en clases, que permitieron a los peque\u00f1os expresar su imaginaci\u00f3n. Adem\u00e1s, se&hellip;<\/p>\n","protected":false},"author":1,"featured_media":9210,"comment_status":"closed","ping_status":"closed","sticky":false,"template":"","format":"standard","meta":[],"categories":[4],"tags":[],"_links":{"self":[{"href":"http:\/\/sanignacioconcepcion.cl\/sitio\/wp-json\/wp\/v2\/posts\/9209"}],"collection":[{"href":"http:\/\/sanignacioconcepcion.cl\/sitio\/wp-json\/wp\/v2\/posts"}],"about":[{"href":"http:\/\/sanignacioconcepcion.cl\/sitio\/wp-json\/wp\/v2\/types\/post"}],"author":[{"embeddable":true,"href":"http:\/\/sanignacioconcepcion.cl\/sitio\/wp-json\/wp\/v2\/users\/1"}],"replies":[{"embeddable":true,"href":"http:\/\/sanignacioconcepcion.cl\/sitio\/wp-json\/wp\/v2\/comments?post=9209"}],"version-history":[{"count":2,"href":"http:\/\/sanignacioconcepcion.cl\/sitio\/wp-json\/wp\/v2\/posts\/9209\/revisions"}],"predecessor-version":[{"id":9212,"href":"http:\/\/sanignacioconcepcion.cl\/sitio\/wp-json\/wp\/v2\/posts\/9209\/revisions\/9212"}],"wp:featuredmedia":[{"embeddable":true,"href":"http:\/\/sanignacioconcepcion.cl\/sitio\/wp-json\/wp\/v2\/media\/9210"}],"wp:attachment":[{"href":"http:\/\/sanignacioconcepcion.cl\/sitio\/wp-json\/wp\/v2\/media?parent=9209"}],"wp:term":[{"taxonomy":"category","embeddable":true,"href":"http:\/\/sanignacioconcepcion.cl\/sitio\/wp-json\/wp\/v2\/categories?post=9209"},{"taxonomy":"post_tag","embeddable":true,"href":"http:\/\/sanignacioconcepcion.cl\/sitio\/wp-json\/wp\/v2\/tags?post=9209"}],"curies":[{"name":"wp","href":"https:\/\/api.w.org\/{rel}","templated":true}]}}