{"id":9219,"date":"2024-11-27T16:51:08","date_gmt":"2024-11-27T19:51:08","guid":{"rendered":"http:\/\/sanignacioconcepcion.cl\/sitio\/?p=9219"},"modified":"2024-12-03T09:48:43","modified_gmt":"2024-12-03T12:48:43","slug":"reunion-de-apoderados-3-y-4-de-diciembre","status":"publish","type":"post","link":"http:\/\/sanignacioconcepcion.cl\/sitio\/reunion-de-apoderados-3-y-4-de-diciembre\/","title":{"rendered":"Reuni\u00f3n de Apoderados &#8211; 3 y 4 de diciembre"},"content":{"rendered":"<p style=\"text-align: right;\">Informaci\u00f3n actualizada al 3 de diciembre<\/p>\n<p>Estimadas Familias:<br \/>\nLes informamos que los d\u00edas 03 y 04 de diciembre se realizar\u00e1 la 5ta y \u00faltima Reuni\u00f3n de Apoderados del a\u00f1o (presencial).<\/p>\n<p><strong>Martes 03 de diciembre:<\/strong><br \/>\nCiclo Loyola desde Pre K\u00ednder a 2do b\u00e1sico, 19:00 horas. <strong>Excepto Pre K\u00ednder B,<\/strong> que se realizar\u00e1 el mi\u00e9rcoles 4 de diciembre, 19 h.<br \/>\nCiclo Roma desde 7mo a III\u00ba medio, 19:00 horas. <strong>Excepto 8\u00baB, que se realizar\u00e1 el lunes 9 de diciembre, a las 19:00 h, y III\u00ba medio B, que se realizar\u00e1 el 11 de diciembre, 19:00.<br \/>\nLa reuni\u00f3n del III\u00ba medio A, suspendida.<\/strong><\/p>\n<p><strong>Mi\u00e9rcoles 04 de diciembre:<\/strong><br \/>\nCiclo Manresa desde 3ro b\u00e1sico a 6to b\u00e1sico, 19:00 horas. <strong>Excepto 5\u00baB,<\/strong> que se realizar\u00e1 el lunes 09 de diciembre a las 19:00 hrs.<\/p>\n<p>Atentamente,<\/p>\n<p>Direcciones de Ciclo.<\/p>\n","protected":false},"excerpt":{"rendered":"<p>Informaci\u00f3n actualizada al 3 de diciembre Estimadas Familias: Les informamos que los d\u00edas 03 y 04 de diciembre se realizar\u00e1 la 5ta y \u00faltima Reuni\u00f3n de Apoderados del a\u00f1o (presencial). Martes 03 de diciembre: Ciclo Loyola desde Pre K\u00ednder a 2do b\u00e1sico, 19:00 horas. Excepto Pre K\u00ednder B, que se realizar\u00e1 el mi\u00e9rcoles 4 de&hellip;<\/p>\n","protected":false},"author":1,"featured_media":0,"comment_status":"closed","ping_status":"closed","sticky":false,"template":"","format":"standard","meta":[],"categories":[3],"tags":[],"_links":{"self":[{"href":"http:\/\/sanignacioconcepcion.cl\/sitio\/wp-json\/wp\/v2\/posts\/9219"}],"collection":[{"href":"http:\/\/sanignacioconcepcion.cl\/sitio\/wp-json\/wp\/v2\/posts"}],"about":[{"href":"http:\/\/sanignacioconcepcion.cl\/sitio\/wp-json\/wp\/v2\/types\/post"}],"author":[{"embeddable":true,"href":"http:\/\/sanignacioconcepcion.cl\/sitio\/wp-json\/wp\/v2\/users\/1"}],"replies":[{"embeddable":true,"href":"http:\/\/sanignacioconcepcion.cl\/sitio\/wp-json\/wp\/v2\/comments?post=9219"}],"version-history":[{"count":4,"href":"http:\/\/sanignacioconcepcion.cl\/sitio\/wp-json\/wp\/v2\/posts\/9219\/revisions"}],"predecessor-version":[{"id":9262,"href":"http:\/\/sanignacioconcepcion.cl\/sitio\/wp-json\/wp\/v2\/posts\/9219\/revisions\/9262"}],"wp:attachment":[{"href":"http:\/\/sanignacioconcepcion.cl\/sitio\/wp-json\/wp\/v2\/media?parent=9219"}],"wp:term":[{"taxonomy":"category","embeddable":true,"href":"http:\/\/sanignacioconcepcion.cl\/sitio\/wp-json\/wp\/v2\/categories?post=9219"},{"taxonomy":"post_tag","embeddable":true,"href":"http:\/\/sanignacioconcepcion.cl\/sitio\/wp-json\/wp\/v2\/tags?post=9219"}],"curies":[{"name":"wp","href":"https:\/\/api.w.org\/{rel}","templated":true}]}}