{"id":9224,"date":"2024-11-27T15:45:58","date_gmt":"2024-11-27T18:45:58","guid":{"rendered":"http:\/\/sanignacioconcepcion.cl\/sitio\/?p=9224"},"modified":"2024-11-28T15:47:27","modified_gmt":"2024-11-28T18:47:27","slug":"ajuste-horario-de-salida-estudiantes-a-partir-del-2-de-dic","status":"publish","type":"post","link":"http:\/\/sanignacioconcepcion.cl\/sitio\/ajuste-horario-de-salida-estudiantes-a-partir-del-2-de-dic\/","title":{"rendered":"Ajuste horario de salida estudiantes &#8211; A partir del 2 de dic."},"content":{"rendered":"<p>Estimadas familias:<\/p>\n<p>Informo a ustedes que a partir del <strong>lunes 2 de diciembre se ajustar\u00e1 el horario de salida de los\/las estudiantes:<\/strong><br \/>\n&#8211; Ciclo Loyola (PreK\u00ednder a 2do b\u00e1sico): Salida 12:35 horas.<br \/>\n&#8211; Ciclos Manresa y Roma (3ro b\u00e1sico a III\u00ba medio): Salida 13:20 horas.<\/p>\n<p>Por lo anterior, tambi\u00e9n se realizar\u00e1 un ajuste en el horario de almuerzo JUNAEB para que los\/las estudiantes puedan asistir previo al horario de salida.<\/p>\n<p>Agradecemos a ustedes la coordinaci\u00f3n para el retiro oportuno de los\/las estudiantes.<\/p>\n<p>Atentamente,<\/p>\n<p>Direcci\u00f3n SIC<\/p>\n","protected":false},"excerpt":{"rendered":"<p>Estimadas familias: Informo a ustedes que a partir del lunes 2 de diciembre se ajustar\u00e1 el horario de salida de los\/las estudiantes: &#8211; Ciclo Loyola (PreK\u00ednder a 2do b\u00e1sico): Salida 12:35 horas. &#8211; Ciclos Manresa y Roma (3ro b\u00e1sico a III\u00ba medio): Salida 13:20 horas. Por lo anterior, tambi\u00e9n se realizar\u00e1 un ajuste en el&hellip;<\/p>\n","protected":false},"author":1,"featured_media":0,"comment_status":"closed","ping_status":"closed","sticky":false,"template":"","format":"standard","meta":[],"categories":[3],"tags":[],"_links":{"self":[{"href":"http:\/\/sanignacioconcepcion.cl\/sitio\/wp-json\/wp\/v2\/posts\/9224"}],"collection":[{"href":"http:\/\/sanignacioconcepcion.cl\/sitio\/wp-json\/wp\/v2\/posts"}],"about":[{"href":"http:\/\/sanignacioconcepcion.cl\/sitio\/wp-json\/wp\/v2\/types\/post"}],"author":[{"embeddable":true,"href":"http:\/\/sanignacioconcepcion.cl\/sitio\/wp-json\/wp\/v2\/users\/1"}],"replies":[{"embeddable":true,"href":"http:\/\/sanignacioconcepcion.cl\/sitio\/wp-json\/wp\/v2\/comments?post=9224"}],"version-history":[{"count":1,"href":"http:\/\/sanignacioconcepcion.cl\/sitio\/wp-json\/wp\/v2\/posts\/9224\/revisions"}],"predecessor-version":[{"id":9225,"href":"http:\/\/sanignacioconcepcion.cl\/sitio\/wp-json\/wp\/v2\/posts\/9224\/revisions\/9225"}],"wp:attachment":[{"href":"http:\/\/sanignacioconcepcion.cl\/sitio\/wp-json\/wp\/v2\/media?parent=9224"}],"wp:term":[{"taxonomy":"category","embeddable":true,"href":"http:\/\/sanignacioconcepcion.cl\/sitio\/wp-json\/wp\/v2\/categories?post=9224"},{"taxonomy":"post_tag","embeddable":true,"href":"http:\/\/sanignacioconcepcion.cl\/sitio\/wp-json\/wp\/v2\/tags?post=9224"}],"curies":[{"name":"wp","href":"https:\/\/api.w.org\/{rel}","templated":true}]}}