{"id":9232,"date":"2024-12-02T14:31:24","date_gmt":"2024-12-02T17:31:24","guid":{"rendered":"http:\/\/sanignacioconcepcion.cl\/sitio\/?p=9232"},"modified":"2024-12-02T17:04:44","modified_gmt":"2024-12-02T20:04:44","slug":"el-talento-y-la-creatividad-se-tomo-nuestro-colegio-en-la-muestra-de-arte-escolar-2024","status":"publish","type":"post","link":"http:\/\/sanignacioconcepcion.cl\/sitio\/el-talento-y-la-creatividad-se-tomo-nuestro-colegio-en-la-muestra-de-arte-escolar-2024\/","title":{"rendered":"El talento y la creatividad se tom\u00f3 nuestro Colegio en la Muestra de Arte Escolar 2024"},"content":{"rendered":"<p>Durante la \u00faltima semana de noviembre, nuestro colegio se visti\u00f3 de colores y texturas con la exposici\u00f3n de arte ubicada en el Patio de la Cruz. Esta muestra destaca los trabajos art\u00edsticos realizados por estudiantes desde 1\u00ba b\u00e1sico hasta 3\u00ba medio, quienes, a lo largo del a\u00f1o, plasmaron su creatividad utilizando diversas t\u00e9cnicas y materiales.<\/p>\n<p>La exposici\u00f3n incluye una amplia gama de obras tridimensionales y bidimensionales:<\/p>\n<ul>\n<li><strong>Esculturas:<\/strong> realizadas con papel o masa para modelar.<\/li>\n<li><strong>Dioramas:<\/strong> construidos a partir de cajas de cart\u00f3n y materiales seleccionados por los propios estudiantes.<\/li>\n<li><strong>Pinturas y dibujos:<\/strong> sobre block de cartulina, cart\u00f3n entelado y otros soportes, utilizando acuarelas, acr\u00edlicos, t\u00e9cnicas mixtas, collage y dibujo con plumones.<\/li>\n<li><strong>Ecograbados:<\/strong> matrices creadas a partir de envases de tetrapack, promoviendo la reutilizaci\u00f3n.<\/li>\n<li><strong>GIFs con efecto 3D:<\/strong> presentados con el apoyo de un proyector.<\/li>\n<\/ul>\n<p>Adem\u00e1s, algunos cursos destacaron con trabajos espec\u00edficos:<\/p>\n<ul>\n<li><strong>3\u00ba b\u00e1sicos:<\/strong> Collages con flores y hojas, papiros egipcios y dioramas de estilo fauvista.<\/li>\n<li><strong>4\u00ba b\u00e1sicos:<\/strong> Collages con cartulinas en diferentes gamas de colores, platos diaguitas de arcilla y maquetas surrealistas inspiradas en sue\u00f1os.<\/li>\n<li><strong>5\u00ba b\u00e1sicos:<\/strong> Obras que exploran texturas, collages basados en el patrimonio arquitect\u00f3nico de Concepci\u00f3n y maquetas de habitaciones so\u00f1adas.<\/li>\n<\/ul>\n<p>La muestra es un reflejo del talento y dedicaci\u00f3n de los y las estudiantes, quienes trabajaron durante el primer y segundo semestre para dar vida a estas piezas. Invitamos a toda la comunidad a disfrutar de esta exposici\u00f3n que nos inspira a valorar la creatividad y el esfuerzo de nuestros j\u00f3venes artistas. <a href=\"https:\/\/photos.app.goo.gl\/32f5cu8eYsdys9FQ7\">ver fotos<\/a><\/p>\n<p>\u00a1Gracias por ser parte de este viaje art\u00edstico!<\/p>\n","protected":false},"excerpt":{"rendered":"<p>Durante la \u00faltima semana de noviembre, nuestro colegio se visti\u00f3 de colores y texturas con la exposici\u00f3n de arte ubicada en el Patio de la Cruz. Esta muestra destaca los trabajos art\u00edsticos realizados por estudiantes desde 1\u00ba b\u00e1sico hasta 3\u00ba medio, quienes, a lo largo del a\u00f1o, plasmaron su creatividad utilizando diversas t\u00e9cnicas y materiales.&hellip;<\/p>\n","protected":false},"author":1,"featured_media":9240,"comment_status":"closed","ping_status":"closed","sticky":false,"template":"","format":"standard","meta":[],"categories":[4],"tags":[],"_links":{"self":[{"href":"http:\/\/sanignacioconcepcion.cl\/sitio\/wp-json\/wp\/v2\/posts\/9232"}],"collection":[{"href":"http:\/\/sanignacioconcepcion.cl\/sitio\/wp-json\/wp\/v2\/posts"}],"about":[{"href":"http:\/\/sanignacioconcepcion.cl\/sitio\/wp-json\/wp\/v2\/types\/post"}],"author":[{"embeddable":true,"href":"http:\/\/sanignacioconcepcion.cl\/sitio\/wp-json\/wp\/v2\/users\/1"}],"replies":[{"embeddable":true,"href":"http:\/\/sanignacioconcepcion.cl\/sitio\/wp-json\/wp\/v2\/comments?post=9232"}],"version-history":[{"count":3,"href":"http:\/\/sanignacioconcepcion.cl\/sitio\/wp-json\/wp\/v2\/posts\/9232\/revisions"}],"predecessor-version":[{"id":9257,"href":"http:\/\/sanignacioconcepcion.cl\/sitio\/wp-json\/wp\/v2\/posts\/9232\/revisions\/9257"}],"wp:featuredmedia":[{"embeddable":true,"href":"http:\/\/sanignacioconcepcion.cl\/sitio\/wp-json\/wp\/v2\/media\/9240"}],"wp:attachment":[{"href":"http:\/\/sanignacioconcepcion.cl\/sitio\/wp-json\/wp\/v2\/media?parent=9232"}],"wp:term":[{"taxonomy":"category","embeddable":true,"href":"http:\/\/sanignacioconcepcion.cl\/sitio\/wp-json\/wp\/v2\/categories?post=9232"},{"taxonomy":"post_tag","embeddable":true,"href":"http:\/\/sanignacioconcepcion.cl\/sitio\/wp-json\/wp\/v2\/tags?post=9232"}],"curies":[{"name":"wp","href":"https:\/\/api.w.org\/{rel}","templated":true}]}}