{"id":9234,"date":"2024-12-02T14:24:30","date_gmt":"2024-12-02T17:24:30","guid":{"rendered":"http:\/\/sanignacioconcepcion.cl\/sitio\/?p=9234"},"modified":"2024-12-02T14:25:19","modified_gmt":"2024-12-02T17:25:19","slug":"bendicion-e-inauguracion-graderia-sic","status":"publish","type":"post","link":"http:\/\/sanignacioconcepcion.cl\/sitio\/bendicion-e-inauguracion-graderia-sic\/","title":{"rendered":"Bendici\u00f3n e inauguraci\u00f3n grader\u00eda SIC"},"content":{"rendered":"<p>El pasado viernes se llev\u00f3 a cabo la ceremonia de inauguraci\u00f3n y bendici\u00f3n de las grader\u00edas recientemente instaladas en nuestro colegio. Este importante evento cont\u00f3 con la participaci\u00f3n de todas las ramas deportivas y ACLE, acompa\u00f1adas de sus respectivos profesores, en un ambiente de alegr\u00eda y comunidad.<\/p>\n<p>La directora del colegio, Sra. Claudia Messina, destac\u00f3 la relevancia de este aporte y expres\u00f3 su agradecimiento al Centro de Padres y Apoderados (CPA) por su constante compromiso con las necesidades de la instituci\u00f3n:<br \/>\n<em>\u00abGracias a su trabajo constante y visi\u00f3n de futuro, hoy contamos con estas grader\u00edas tan importantes para todas las actividades que realizamos, especialmente en el \u00e1mbito deportivo.\u00bb<\/em><\/p>\n<p>Por su parte, la presidenta del CPA, Sra. Erika Pino, se\u00f1al\u00f3 que estas grader\u00edas no solo facilitar\u00e1n la realizaci\u00f3n de actividades deportivas y extracurriculares, sino que tambi\u00e9n ser\u00e1n un espacio de encuentro e integraci\u00f3n para los estudiantes:<br \/>\n<em>\u00abEste es un lugar para que nuestros hijos e hijas compartan, descansen y fortalezcan sus lazos de compa\u00f1erismo. A\u00fan nos queda una segunda entrega de dos grader\u00edas m\u00e1s, y seguimos trabajando con la mirada puesta en el 2025. Invitamos a todas las familias a sumarse al CPA, porque juntos hacemos comunidad y construimos el colegio que queremos.\u00bb<\/em><\/p>\n<p>La ceremonia concluy\u00f3 con la bendici\u00f3n de las grader\u00edas a cargo de nuestro capell\u00e1n, P. Juan Pablo Moyano SJ, quien enfatiz\u00f3 la importancia de este espacio como s\u00edmbolo de unidad y crecimiento para nuestra comunidad educativa.<\/p>\n<p>Posteriormente, cada rama deportiva aprovech\u00f3 la oportunidad para tomarse la fotograf\u00eda anual, utilizando las nuevas grader\u00edas como escenario, marcando as\u00ed un recuerdo especial de este d\u00eda significativo.<\/p>\n<p>Agradecemos profundamente al Centro de Padres y Apoderados por su invaluable esfuerzo, que refleja su compromiso con el bienestar y desarrollo de nuestros estudiantes. <a href=\"https:\/\/photos.app.goo.gl\/KkfY29NxvqZ6JCAr5\">ver fotos<\/a><\/p>\n<p>\u00a1Gracias por ser parte fundamental de nuestra comunidad ignaciana!<\/p>\n","protected":false},"excerpt":{"rendered":"<p>El pasado viernes se llev\u00f3 a cabo la ceremonia de inauguraci\u00f3n y bendici\u00f3n de las grader\u00edas recientemente instaladas en nuestro colegio. Este importante evento cont\u00f3 con la participaci\u00f3n de todas las ramas deportivas y ACLE, acompa\u00f1adas de sus respectivos profesores, en un ambiente de alegr\u00eda y comunidad. La directora del colegio, Sra. Claudia Messina, destac\u00f3&hellip;<\/p>\n","protected":false},"author":1,"featured_media":9238,"comment_status":"closed","ping_status":"closed","sticky":false,"template":"","format":"standard","meta":[],"categories":[4],"tags":[],"_links":{"self":[{"href":"http:\/\/sanignacioconcepcion.cl\/sitio\/wp-json\/wp\/v2\/posts\/9234"}],"collection":[{"href":"http:\/\/sanignacioconcepcion.cl\/sitio\/wp-json\/wp\/v2\/posts"}],"about":[{"href":"http:\/\/sanignacioconcepcion.cl\/sitio\/wp-json\/wp\/v2\/types\/post"}],"author":[{"embeddable":true,"href":"http:\/\/sanignacioconcepcion.cl\/sitio\/wp-json\/wp\/v2\/users\/1"}],"replies":[{"embeddable":true,"href":"http:\/\/sanignacioconcepcion.cl\/sitio\/wp-json\/wp\/v2\/comments?post=9234"}],"version-history":[{"count":1,"href":"http:\/\/sanignacioconcepcion.cl\/sitio\/wp-json\/wp\/v2\/posts\/9234\/revisions"}],"predecessor-version":[{"id":9237,"href":"http:\/\/sanignacioconcepcion.cl\/sitio\/wp-json\/wp\/v2\/posts\/9234\/revisions\/9237"}],"wp:featuredmedia":[{"embeddable":true,"href":"http:\/\/sanignacioconcepcion.cl\/sitio\/wp-json\/wp\/v2\/media\/9238"}],"wp:attachment":[{"href":"http:\/\/sanignacioconcepcion.cl\/sitio\/wp-json\/wp\/v2\/media?parent=9234"}],"wp:term":[{"taxonomy":"category","embeddable":true,"href":"http:\/\/sanignacioconcepcion.cl\/sitio\/wp-json\/wp\/v2\/categories?post=9234"},{"taxonomy":"post_tag","embeddable":true,"href":"http:\/\/sanignacioconcepcion.cl\/sitio\/wp-json\/wp\/v2\/tags?post=9234"}],"curies":[{"name":"wp","href":"https:\/\/api.w.org\/{rel}","templated":true}]}}