{"id":9254,"date":"2024-12-02T16:24:51","date_gmt":"2024-12-02T19:24:51","guid":{"rendered":"http:\/\/sanignacioconcepcion.cl\/sitio\/?p=9254"},"modified":"2024-12-02T16:24:51","modified_gmt":"2024-12-02T19:24:51","slug":"explorando-el-humedal-los-batros-una-experiencia-educativa-para-el-8c","status":"publish","type":"post","link":"http:\/\/sanignacioconcepcion.cl\/sitio\/explorando-el-humedal-los-batros-una-experiencia-educativa-para-el-8c\/","title":{"rendered":"Explorando el humedal Los Batros: Una experiencia educativa para el 8\u00b0C"},"content":{"rendered":"<p>El pasado mi\u00e9rcoles, en el marco de la asignatura de Historia y Geograf\u00eda, el profesor <strong>Omar Gaete<\/strong> llev\u00f3 a cabo una salida a terreno con el curso 8\u00b0C al <strong>humedal Los Batros<\/strong>, localizado detr\u00e1s del sector de pre-b\u00e1sica del colegio.<\/p>\n<p>La actividad tuvo como objetivo principal <strong>vincular al alumnado con el medioambiente desde una perspectiva de desarrollo sustentable<\/strong>, fomentando la observaci\u00f3n cr\u00edtica y la valoraci\u00f3n de este importante ecosistema.<\/p>\n<p>Durante la visita, los estudiantes respondieron interrogantes relacionadas con lo que pod\u00edan observar en el humedal y realizaron dibujos del mismo, resaltando sus cualidades f\u00edsicas, los riesgos que enfrenta y su utilidad para la comunidad.<\/p>\n<p>Felicitamos al curso 8\u00b0C por su disciplina y compromiso con esta enriquecedora experiencia educativa. Asimismo, el profesor a cargo de la actividad, extendi\u00f3 sus agradecimientos a la profesora <strong>Katherine Rubilar<\/strong> (PIE), por acompa\u00f1ar esta actividad y a la Directora del Ciclo Roma por facilitar\u00a0la organizaci\u00f3n y ejecuci\u00f3n de esta significativa salida a terreno.<\/p>\n<p>Esta instancia no solo refuerza los aprendizajes en aula, sino que tambi\u00e9n promueve una conexi\u00f3n m\u00e1s profunda con el entorno natural, incentivando a los estudiantes a ser agentes de cambio en el cuidado y preservaci\u00f3n del medioambiente. <a href=\"https:\/\/photos.app.goo.gl\/BxrjKizS35uD5tjEA\">ver fotos<\/a><\/p>\n","protected":false},"excerpt":{"rendered":"<p>El pasado mi\u00e9rcoles, en el marco de la asignatura de Historia y Geograf\u00eda, el profesor Omar Gaete llev\u00f3 a cabo una salida a terreno con el curso 8\u00b0C al humedal Los Batros, localizado detr\u00e1s del sector de pre-b\u00e1sica del colegio. La actividad tuvo como objetivo principal vincular al alumnado con el medioambiente desde una perspectiva&hellip;<\/p>\n","protected":false},"author":1,"featured_media":9255,"comment_status":"closed","ping_status":"closed","sticky":false,"template":"","format":"standard","meta":[],"categories":[4],"tags":[],"_links":{"self":[{"href":"http:\/\/sanignacioconcepcion.cl\/sitio\/wp-json\/wp\/v2\/posts\/9254"}],"collection":[{"href":"http:\/\/sanignacioconcepcion.cl\/sitio\/wp-json\/wp\/v2\/posts"}],"about":[{"href":"http:\/\/sanignacioconcepcion.cl\/sitio\/wp-json\/wp\/v2\/types\/post"}],"author":[{"embeddable":true,"href":"http:\/\/sanignacioconcepcion.cl\/sitio\/wp-json\/wp\/v2\/users\/1"}],"replies":[{"embeddable":true,"href":"http:\/\/sanignacioconcepcion.cl\/sitio\/wp-json\/wp\/v2\/comments?post=9254"}],"version-history":[{"count":1,"href":"http:\/\/sanignacioconcepcion.cl\/sitio\/wp-json\/wp\/v2\/posts\/9254\/revisions"}],"predecessor-version":[{"id":9256,"href":"http:\/\/sanignacioconcepcion.cl\/sitio\/wp-json\/wp\/v2\/posts\/9254\/revisions\/9256"}],"wp:featuredmedia":[{"embeddable":true,"href":"http:\/\/sanignacioconcepcion.cl\/sitio\/wp-json\/wp\/v2\/media\/9255"}],"wp:attachment":[{"href":"http:\/\/sanignacioconcepcion.cl\/sitio\/wp-json\/wp\/v2\/media?parent=9254"}],"wp:term":[{"taxonomy":"category","embeddable":true,"href":"http:\/\/sanignacioconcepcion.cl\/sitio\/wp-json\/wp\/v2\/categories?post=9254"},{"taxonomy":"post_tag","embeddable":true,"href":"http:\/\/sanignacioconcepcion.cl\/sitio\/wp-json\/wp\/v2\/tags?post=9254"}],"curies":[{"name":"wp","href":"https:\/\/api.w.org\/{rel}","templated":true}]}}