{"id":9283,"date":"2024-12-08T21:51:09","date_gmt":"2024-12-09T00:51:09","guid":{"rendered":"http:\/\/sanignacioconcepcion.cl\/sitio\/?p=9283"},"modified":"2024-12-08T21:51:09","modified_gmt":"2024-12-09T00:51:09","slug":"gala-de-ballet-inspirada-en-vivaldi","status":"publish","type":"post","link":"http:\/\/sanignacioconcepcion.cl\/sitio\/gala-de-ballet-inspirada-en-vivaldi\/","title":{"rendered":"Gala de Ballet inspirada en Vivaldi"},"content":{"rendered":"<p>El s\u00e1bado 30 de noviembre, nuestro colegio vivi\u00f3 una velada art\u00edstica con la Gala de Ballet. Inspirados en \u00abLas Cuatro Estaciones\u00bb de Vivaldi, 24 estudiantes demostraron con elegancia y gracia todo lo aprendido durante el a\u00f1o.<\/p>\n<p>Cada grupo de bailarinas represent\u00f3 una estaci\u00f3n del a\u00f1o, llevando al escenario una interpretaci\u00f3n llena de color y emoci\u00f3n: Las 3ro a 6to b\u00e1sico evocaron el invierno. Las m\u00e1s peque\u00f1as trajeron la magia del oto\u00f1o. Los estudiantes de k\u00ednder irradiaron la calidez del verano. Los de primero y segundo b\u00e1sico llenaron el gimnasio de vida con la alegr\u00eda de la primavera.<\/p>\n<p>El evento no solo destac\u00f3 por el talento de las estudiantes, sino tambi\u00e9n por la colaboraci\u00f3n y organizaci\u00f3n de las familias.<\/p>\n<p>Felicitamos a nuestras bailarinas por su dedicaci\u00f3n y agradecemos a las familias por su compromiso y apoyo constante. \u00a1Un final de a\u00f1o lleno de arte y belleza! <a href=\"https:\/\/photos.app.goo.gl\/ifKW7U8uhYKqKZdf9\">ver fotos<\/a><\/p>\n","protected":false},"excerpt":{"rendered":"<p>El s\u00e1bado 30 de noviembre, nuestro colegio vivi\u00f3 una velada art\u00edstica con la Gala de Ballet. Inspirados en \u00abLas Cuatro Estaciones\u00bb de Vivaldi, 24 estudiantes demostraron con elegancia y gracia todo lo aprendido durante el a\u00f1o. Cada grupo de bailarinas represent\u00f3 una estaci\u00f3n del a\u00f1o, llevando al escenario una interpretaci\u00f3n llena de color y emoci\u00f3n:&hellip;<\/p>\n","protected":false},"author":1,"featured_media":9284,"comment_status":"closed","ping_status":"closed","sticky":false,"template":"","format":"standard","meta":[],"categories":[4],"tags":[],"_links":{"self":[{"href":"http:\/\/sanignacioconcepcion.cl\/sitio\/wp-json\/wp\/v2\/posts\/9283"}],"collection":[{"href":"http:\/\/sanignacioconcepcion.cl\/sitio\/wp-json\/wp\/v2\/posts"}],"about":[{"href":"http:\/\/sanignacioconcepcion.cl\/sitio\/wp-json\/wp\/v2\/types\/post"}],"author":[{"embeddable":true,"href":"http:\/\/sanignacioconcepcion.cl\/sitio\/wp-json\/wp\/v2\/users\/1"}],"replies":[{"embeddable":true,"href":"http:\/\/sanignacioconcepcion.cl\/sitio\/wp-json\/wp\/v2\/comments?post=9283"}],"version-history":[{"count":1,"href":"http:\/\/sanignacioconcepcion.cl\/sitio\/wp-json\/wp\/v2\/posts\/9283\/revisions"}],"predecessor-version":[{"id":9285,"href":"http:\/\/sanignacioconcepcion.cl\/sitio\/wp-json\/wp\/v2\/posts\/9283\/revisions\/9285"}],"wp:featuredmedia":[{"embeddable":true,"href":"http:\/\/sanignacioconcepcion.cl\/sitio\/wp-json\/wp\/v2\/media\/9284"}],"wp:attachment":[{"href":"http:\/\/sanignacioconcepcion.cl\/sitio\/wp-json\/wp\/v2\/media?parent=9283"}],"wp:term":[{"taxonomy":"category","embeddable":true,"href":"http:\/\/sanignacioconcepcion.cl\/sitio\/wp-json\/wp\/v2\/categories?post=9283"},{"taxonomy":"post_tag","embeddable":true,"href":"http:\/\/sanignacioconcepcion.cl\/sitio\/wp-json\/wp\/v2\/tags?post=9283"}],"curies":[{"name":"wp","href":"https:\/\/api.w.org\/{rel}","templated":true}]}}